{"id":990,"date":"2024-01-25T01:30:46","date_gmt":"2024-01-25T01:30:46","guid":{"rendered":"https:\/\/zonalimitrofe-cbnr.com\/?p=990"},"modified":"2024-01-25T01:30:46","modified_gmt":"2024-01-25T01:30:46","slug":"lerdo-arranca-programa-cuidame-en-comunidad-el-rayo","status":"publish","type":"post","link":"https:\/\/zonalimitrofe-cbnr.com\/index.php\/2024\/01\/25\/lerdo-arranca-programa-cuidame-en-comunidad-el-rayo\/","title":{"rendered":"#Lerdo. ARRANCA PROGRAMA \u201cCU\u00cdDAME\u201d EN COMUNIDAD EL RAYO*"},"content":{"rendered":"\n<p>Lerdo, 23 enero 2024.- Esta semana, la presidenta honoraria del Sistema para el Desarrollo Integral de la Familia (DIF) en Lerdo, Susy Torrecillas, junto a su equipo de trabajo, reanud\u00f3 el programa \u201cCu\u00eddame\u201d en las escuelas del municipio, iniciando en la comunidad El Rayo.<\/p>\n\n\n\n<p>Esta campa\u00f1a se promueve en las escuelas del municipio, de nivel preescolar y b\u00e1sico, para ense\u00f1ar a los ni\u00f1os sobre el auto cuidado, e invitar a los adultos a proteger los derechos humanos infantiles.<\/p>\n\n\n\n<p>Con un enfoque de seguridad, se realizaron actividades l\u00fadicas, invitando a los peque\u00f1os a describir y detectar situaciones de riesgo en su entorno familiar, escolar y en la calle, adem\u00e1s, a trav\u00e9s de una canci\u00f3n, se les proporciona el n\u00famero de emergencia (871) 7 25 30 32, para que puedan pedir ayuda en caso de sentir que sus derechos han sido violentados.<\/p>\n\n\n\n<p>Las actividades continuar\u00e1n en los diferentes jardines de ni\u00f1os y escuelas primarias, tanto de la zona urbana como de la rural, para reforzar los conocimientos y reunir el apoyo de m\u00e1s docentes como \u201cadultos confiables\u201d, a quienes se les otorga un pin distintivo con el n\u00famero ya mencionado.<\/p>\n","protected":false},"excerpt":{"rendered":"<p>Lerdo, 23 enero 2024.- Esta semana, la presidenta honoraria del Sistema para el Desarrollo Integral de la Familia (DIF) en Lerdo, Susy Torrecillas, junto a su equipo de trabajo, reanud\u00f3 el programa \u201cCu\u00eddame\u201d en las escuelas del municipio, iniciando en la comunidad El Rayo. Esta campa\u00f1a se promueve en las escuelas del municipio, de nivel [&hellip;]<\/p>\n","protected":false},"author":1,"featured_media":991,"comment_status":"open","ping_status":"open","sticky":false,"template":"","format":"standard","meta":{"_monsterinsights_skip_tracking":false,"_monsterinsights_sitenote_active":false,"_monsterinsights_sitenote_note":"","_monsterinsights_sitenote_category":0,"footnotes":""},"categories":[1],"tags":[],"_links":{"self":[{"href":"https:\/\/zonalimitrofe-cbnr.com\/index.php\/wp-json\/wp\/v2\/posts\/990"}],"collection":[{"href":"https:\/\/zonalimitrofe-cbnr.com\/index.php\/wp-json\/wp\/v2\/posts"}],"about":[{"href":"https:\/\/zonalimitrofe-cbnr.com\/index.php\/wp-json\/wp\/v2\/types\/post"}],"author":[{"embeddable":true,"href":"https:\/\/zonalimitrofe-cbnr.com\/index.php\/wp-json\/wp\/v2\/users\/1"}],"replies":[{"embeddable":true,"href":"https:\/\/zonalimitrofe-cbnr.com\/index.php\/wp-json\/wp\/v2\/comments?post=990"}],"version-history":[{"count":1,"href":"https:\/\/zonalimitrofe-cbnr.com\/index.php\/wp-json\/wp\/v2\/posts\/990\/revisions"}],"predecessor-version":[{"id":992,"href":"https:\/\/zonalimitrofe-cbnr.com\/index.php\/wp-json\/wp\/v2\/posts\/990\/revisions\/992"}],"wp:featuredmedia":[{"embeddable":true,"href":"https:\/\/zonalimitrofe-cbnr.com\/index.php\/wp-json\/wp\/v2\/media\/991"}],"wp:attachment":[{"href":"https:\/\/zonalimitrofe-cbnr.com\/index.php\/wp-json\/wp\/v2\/media?parent=990"}],"wp:term":[{"taxonomy":"category","embeddable":true,"href":"https:\/\/zonalimitrofe-cbnr.com\/index.php\/wp-json\/wp\/v2\/categories?post=990"},{"taxonomy":"post_tag","embeddable":true,"href":"https:\/\/zonalimitrofe-cbnr.com\/index.php\/wp-json\/wp\/v2\/tags?post=990"}],"curies":[{"name":"wp","href":"https:\/\/api.w.org\/{rel}","templated":true}]}}