{"id":9898,"date":"2024-09-19T13:33:09","date_gmt":"2024-09-19T19:33:09","guid":{"rendered":"https:\/\/zonalimitrofe-cbnr.com\/?p=9898"},"modified":"2024-09-19T13:33:09","modified_gmt":"2024-09-19T19:33:09","slug":"uadec-realiza-uadec-simulacro-de-evacuacion-en-la-facultad-de-enfermaria-us","status":"publish","type":"post","link":"https:\/\/zonalimitrofe-cbnr.com\/index.php\/2024\/09\/19\/uadec-realiza-uadec-simulacro-de-evacuacion-en-la-facultad-de-enfermaria-us\/","title":{"rendered":"#UAdeC. Realiza UAdeC Simulacro de Evacuaci\u00f3n en la Facultad de Enfermar\u00eda US"},"content":{"rendered":"\n<p>SALTILLO, Coahuila. 19 de septiembre de 2024. Para conmemorar el D\u00eda Nacional de Protecci\u00f3n Civil, la Universidad Aut\u00f3noma de Coahuila realiz\u00f3 un Simulacro de Evacuaci\u00f3n en el edificio de la Facultad de Enfermer\u00eda \u201cSantiago Vald\u00e9s Galindo\u201d, con el objetivo de que la comunidad del plantel conociera y realizara los protocolos de desalojo por emergencia.<\/p>\n\n\n\n<p>El simulacro inici\u00f3 con la activaci\u00f3n de la alarma de incendio, por lo que 369 personas de \u00e1reas de oficinas administrativas, salones, auditorio y el centro de Enfermer\u00eda de Cl\u00ednica Avanzada (CECA), salieron a los puntos de reuni\u00f3n seguros en la explanada y el estacionamiento.<\/p>\n\n\n\n<p>Las actividades estuvieron encabezadas por el secretario general de la UAdeC, V\u00edctor S\u00e1nchez Vald\u00e9s, la coordinadora de Protecci\u00f3n Civil Universitaria, Beatriz Padilla Villareal, el director de la Facultad de Enfermar\u00eda, Pedro Enrique Trujillo Hern\u00e1ndez, la coordinadora de Protecci\u00f3n Civil del plantel, Cecilia Mazat\u00e1n Ochoa, y 15 brigadistas del plantel, quienes son capacitados en evacuaci\u00f3n, primeros auxilios y en uso de extintores.<\/p>\n\n\n\n<p>En su intervenci\u00f3n, el secretario general V\u00edctor S\u00e1nchez Vald\u00e9s, destac\u00f3 la importancia de la cultura de protecci\u00f3n civil en la Universidad, as\u00ed como en todos los \u00e1mbitos de la vida cotidiana, por lo cual dijo que la capacitaci\u00f3n en esta materia debe ser constante, pues nunca se sabe cu\u00e1ndo podr\u00eda ocurrir una emergencia.<\/p>\n\n\n\n<p>Adem\u00e1s, felicit\u00f3 a los brigadistas y a la comunidad de la Facultad anfitriona por su participaci\u00f3n activa en este ejercicio, a la vez que mencion\u00f3 que estos simulacros se realizan al menos dos veces al a\u00f1o en la Universidad con diferentes escenarios de emergencia para asegurar que la comunidad siempre est\u00e9 preparada.<\/p>\n\n\n\n<p>La coordinadora de Protecci\u00f3n Civil Universitaria, Beatriz Padilla Villareal, dijo que la capacitaci\u00f3n del personal a cargo del protocolo de evacuaci\u00f3n en caso de emergencia, es permanente con el fin de promover la prevenci\u00f3n y practicar el sistema de manera adecuada y coordinada en caso de que se requiera.<\/p>\n\n\n\n<p>Agreg\u00f3 que, la UAdeC mantiene un enfoque continuo en la formaci\u00f3n de primeros respondientes y en la atenci\u00f3n de emergencias, incluyendo cursos sobre primeros auxilios psicol\u00f3gicos y prevenci\u00f3n de incendios, por lo que felicit\u00f3 a todas las dependencias de la UAdeC por su participaci\u00f3n activa y constante en los programas de capacitaci\u00f3n de Protecci\u00f3n Civil.<\/p>\n\n\n\n<p>Por su parte, el director de la Facultad, Pedro Enrique Trujillo, agradeci\u00f3 a todos por su participaci\u00f3n durante el simulacro, as\u00ed como a las autoridades de la Administraci\u00f3n central por su apoyo y por permitir que el plantel fuera sede del evento.<\/p>\n\n\n\n<p>El D\u00eda Nacional de Protecci\u00f3n Civil se conmemora cada 19 de septiembre con el objetivo de fomentar la generaci\u00f3n de conciencia individual y colectiva de auto<\/p>\n\n\n\n<p>preparaci\u00f3n y auto protecci\u00f3n, para enfrentar con responsabilidad y conocimiento los desastres naturales o de car\u00e1cter antropog\u00e9nico, por lo que la cultura de prevenci\u00f3n es de gran importancia y se intensific\u00f3 tras los sismos que se presentaron el 19 de septiembre de 1985 y el de 2017.<\/p>\n","protected":false},"excerpt":{"rendered":"<p>SALTILLO, Coahuila. 19 de septiembre de 2024. Para conmemorar el D\u00eda Nacional de Protecci\u00f3n Civil, la Universidad Aut\u00f3noma de Coahuila realiz\u00f3 un Simulacro de Evacuaci\u00f3n en el edificio de la Facultad de Enfermer\u00eda \u201cSantiago Vald\u00e9s Galindo\u201d, con el objetivo de que la comunidad del plantel conociera y realizara los protocolos de desalojo por emergencia. El [&hellip;]<\/p>\n","protected":false},"author":1,"featured_media":9899,"comment_status":"open","ping_status":"open","sticky":false,"template":"","format":"standard","meta":{"_monsterinsights_skip_tracking":false,"_monsterinsights_sitenote_active":false,"_monsterinsights_sitenote_note":"","_monsterinsights_sitenote_category":0,"footnotes":""},"categories":[1],"tags":[],"_links":{"self":[{"href":"https:\/\/zonalimitrofe-cbnr.com\/index.php\/wp-json\/wp\/v2\/posts\/9898"}],"collection":[{"href":"https:\/\/zonalimitrofe-cbnr.com\/index.php\/wp-json\/wp\/v2\/posts"}],"about":[{"href":"https:\/\/zonalimitrofe-cbnr.com\/index.php\/wp-json\/wp\/v2\/types\/post"}],"author":[{"embeddable":true,"href":"https:\/\/zonalimitrofe-cbnr.com\/index.php\/wp-json\/wp\/v2\/users\/1"}],"replies":[{"embeddable":true,"href":"https:\/\/zonalimitrofe-cbnr.com\/index.php\/wp-json\/wp\/v2\/comments?post=9898"}],"version-history":[{"count":1,"href":"https:\/\/zonalimitrofe-cbnr.com\/index.php\/wp-json\/wp\/v2\/posts\/9898\/revisions"}],"predecessor-version":[{"id":9900,"href":"https:\/\/zonalimitrofe-cbnr.com\/index.php\/wp-json\/wp\/v2\/posts\/9898\/revisions\/9900"}],"wp:featuredmedia":[{"embeddable":true,"href":"https:\/\/zonalimitrofe-cbnr.com\/index.php\/wp-json\/wp\/v2\/media\/9899"}],"wp:attachment":[{"href":"https:\/\/zonalimitrofe-cbnr.com\/index.php\/wp-json\/wp\/v2\/media?parent=9898"}],"wp:term":[{"taxonomy":"category","embeddable":true,"href":"https:\/\/zonalimitrofe-cbnr.com\/index.php\/wp-json\/wp\/v2\/categories?post=9898"},{"taxonomy":"post_tag","embeddable":true,"href":"https:\/\/zonalimitrofe-cbnr.com\/index.php\/wp-json\/wp\/v2\/tags?post=9898"}],"curies":[{"name":"wp","href":"https:\/\/api.w.org\/{rel}","templated":true}]}}