{"id":9895,"date":"2024-09-19T13:31:02","date_gmt":"2024-09-19T19:31:02","guid":{"rendered":"https:\/\/zonalimitrofe-cbnr.com\/?p=9895"},"modified":"2024-09-19T13:31:02","modified_gmt":"2024-09-19T19:31:02","slug":"gobierno-de-esteban-se-une-a-la-conmemoracion-del-dia-nacional-de-proteccion-civil","status":"publish","type":"post","link":"https:\/\/zonalimitrofe-cbnr.com\/index.php\/2024\/09\/19\/gobierno-de-esteban-se-une-a-la-conmemoracion-del-dia-nacional-de-proteccion-civil\/","title":{"rendered":"Gobierno de Esteban se une a la conmemoraci\u00f3n del \u201cD\u00eda Nacional de Protecci\u00f3n Civil\u201d"},"content":{"rendered":"\n<ul>\n<li><em>La Coordinaci\u00f3n Estatal de Protecci\u00f3n Civil junto con la Secretar\u00eda de Educaci\u00f3n encabezaron Acto C\u00edvico y simulacro nacional.<\/em><\/li>\n\n\n\n<li><em>Reconocen pol\u00edticas p\u00fablicas del Gobernador para actuar con rapidez y eficacia ante contingencias.<\/em><\/li>\n\n\n\n<li><em>De manera simult\u00e1nea, se realizaron simulacros en diversas dependencias del Gobierno del Estado para fomentar la cultura de la prevenci\u00f3n.<\/em><\/li>\n<\/ul>\n\n\n\n<p>El trabajo en unidad que impulsa el gobernador Esteban Villegas Villarreal y en una responsabilidad compartida con las corporaciones de seguridad y de rescate, marcan la diferencia para salvaguardar la vida de las personas, expres\u00f3 el secretario de Educaci\u00f3n, Guillermo Adame Calder\u00f3n, quien tuvo la representaci\u00f3n oficial del Ejecutivo Estatal en la conmemoraci\u00f3n de D\u00eda Nacional de Protecci\u00f3n Civil.<\/p>\n\n\n\n<p>Posterior a ello, ante la presencia del Ej\u00e9rcito Mexicano, Plan DN III y la Guardia Nacional, se llev\u00f3 a cabo un simulacro en las instalaciones de la Secretar\u00eda de Educaci\u00f3n, en homenaje a las v\u00edctimas del terremoto del 19 de septiembre de 1985 en la Ciudad de M\u00e9xico y que impact\u00f3 al pa\u00eds, por lo que, por Decreto Presidencial, se design\u00f3 que cada 19 de septiembre sea conmemorado el D\u00eda Nacional de Protecci\u00f3n Civil.<\/p>\n\n\n\n<p>El secretario de Educaci\u00f3n, expuso que por parte del Gobierno del Estado, se construye una entidad m\u00e1s fuerte, m\u00e1s resiliente y preparado para mantener la unidad y la capacidad de accionar con trabajo en equipo, ante situaciones de riesgo, siempre a favor de la vida de los duranguenses.<\/p>\n\n\n\n<p>Arturo Galindo Cabada, titular de la Coordinaci\u00f3n Estatal de Protecci\u00f3n Civil, al rendir este homenaje a las v\u00edctimas del sismo y celebrar la vida de la personas que se suman a las corporaciones de rescate para brindar el auxilio, record\u00f3 los hechos de hace 35 a\u00f1os: \u201c7:17 de la ma\u00f1ana, 90 segundos fueron suficientes en la Ciudad de M\u00e9xico, muchos edificios colapsaron, miles de personas se encontraban bajo los escombros, comunicaciones interrumpidas, fugas de gas generaban incendios; un caos total\u201d, asinti\u00f3 tras reconocer la ayuda humanitaria de los mexicanos que salieron a las calles y que con sus propias manos levantaban escombros con la esperanza de encontrar personas con vida.<\/p>\n\n\n\n<p>En este sentido, explic\u00f3 que con una pol\u00edtica p\u00fablica de primer orden en Durango, impulsada por Villegas Villarreal, se tiene la adecuada coordinaci\u00f3n entre los tres \u00f3rdenes de gobierno, que permite generar mejores condiciones de seguridad pero, recalc\u00f3, que es indispensable contar tambi\u00e9n con una participaci\u00f3n proactiva de todos los ciudadanos en las acciones preventivas y de autocuidado \u201cpara que juntos sociedad y gobierno podamos generar escenarios de mayor tranquilidad y seguridad para los duranguenses para nosotros lo m\u00e1s importante salvaguardar la vida y la integridad f\u00edsica de las personas\u201d, se\u00f1al\u00f3.<\/p>\n\n\n\n<p>As\u00ed fue como el Gobierno del Estado junto con el Ej\u00e9rcito Mexicano, la Guardia Nacional, corporaciones de Seguridad y de Prevenci\u00f3n, se unieron a la conmemoraci\u00f3n nacional, donde realizaron actos c\u00edvicos, con la Salva de Honor, colocaci\u00f3n de ofrenda floral, adem\u00e1s del simulacro de rescate, involucrando a los asistentes y para que, de esta forma, seguir con un trabajo en equipo y siempre a favor de salvaguardar la vida de las personas.<\/p>\n","protected":false},"excerpt":{"rendered":"<p>El trabajo en unidad que impulsa el gobernador Esteban Villegas Villarreal y en una responsabilidad compartida con las corporaciones de seguridad y de rescate, marcan la diferencia para salvaguardar la vida de las personas, expres\u00f3 el secretario de Educaci\u00f3n, Guillermo Adame Calder\u00f3n, quien tuvo la representaci\u00f3n oficial del Ejecutivo Estatal en la conmemoraci\u00f3n de D\u00eda [&hellip;]<\/p>\n","protected":false},"author":1,"featured_media":9896,"comment_status":"open","ping_status":"open","sticky":false,"template":"","format":"standard","meta":{"_monsterinsights_skip_tracking":false,"_monsterinsights_sitenote_active":false,"_monsterinsights_sitenote_note":"","_monsterinsights_sitenote_category":0,"footnotes":""},"categories":[1],"tags":[],"_links":{"self":[{"href":"https:\/\/zonalimitrofe-cbnr.com\/index.php\/wp-json\/wp\/v2\/posts\/9895"}],"collection":[{"href":"https:\/\/zonalimitrofe-cbnr.com\/index.php\/wp-json\/wp\/v2\/posts"}],"about":[{"href":"https:\/\/zonalimitrofe-cbnr.com\/index.php\/wp-json\/wp\/v2\/types\/post"}],"author":[{"embeddable":true,"href":"https:\/\/zonalimitrofe-cbnr.com\/index.php\/wp-json\/wp\/v2\/users\/1"}],"replies":[{"embeddable":true,"href":"https:\/\/zonalimitrofe-cbnr.com\/index.php\/wp-json\/wp\/v2\/comments?post=9895"}],"version-history":[{"count":1,"href":"https:\/\/zonalimitrofe-cbnr.com\/index.php\/wp-json\/wp\/v2\/posts\/9895\/revisions"}],"predecessor-version":[{"id":9897,"href":"https:\/\/zonalimitrofe-cbnr.com\/index.php\/wp-json\/wp\/v2\/posts\/9895\/revisions\/9897"}],"wp:featuredmedia":[{"embeddable":true,"href":"https:\/\/zonalimitrofe-cbnr.com\/index.php\/wp-json\/wp\/v2\/media\/9896"}],"wp:attachment":[{"href":"https:\/\/zonalimitrofe-cbnr.com\/index.php\/wp-json\/wp\/v2\/media?parent=9895"}],"wp:term":[{"taxonomy":"category","embeddable":true,"href":"https:\/\/zonalimitrofe-cbnr.com\/index.php\/wp-json\/wp\/v2\/categories?post=9895"},{"taxonomy":"post_tag","embeddable":true,"href":"https:\/\/zonalimitrofe-cbnr.com\/index.php\/wp-json\/wp\/v2\/tags?post=9895"}],"curies":[{"name":"wp","href":"https:\/\/api.w.org\/{rel}","templated":true}]}}