{"id":9874,"date":"2024-09-18T18:19:41","date_gmt":"2024-09-19T00:19:41","guid":{"rendered":"https:\/\/zonalimitrofe-cbnr.com\/?p=9874"},"modified":"2024-09-18T18:19:41","modified_gmt":"2024-09-19T00:19:41","slug":"lerdo-encabeza-homero-martinez-reunion-de-trabajo-contra-el-dengue","status":"publish","type":"post","link":"https:\/\/zonalimitrofe-cbnr.com\/index.php\/2024\/09\/18\/lerdo-encabeza-homero-martinez-reunion-de-trabajo-contra-el-dengue\/","title":{"rendered":"#Lerdo. ENCABEZA HOMERO MART\u00cdNEZ REUNI\u00d3N DE TRABAJO CONTRA EL DENGUE*"},"content":{"rendered":"\n<p>Lerdo, 18 de septiembre 2024.- El Presidente Municipal Homero Mart\u00ednez Cabrera, encabez\u00f3 esta ma\u00f1ana, la reuni\u00f3n de la lucha contra el dengue. Durante la mesa de trabajo, se cont\u00f3 con la presencia del Doctor Pedro Antonio Facio Torres, Director de Salud P\u00fablica de la Jurisdicci\u00f3n Sanitaria n\u00famero 2, y la enfermera especialista Supervisora de la Jurisdicci\u00f3n Sanitaria, Alejandra Ram\u00edrez Mota.<\/p>\n\n\n\n<p>Tambi\u00e9n particip\u00f3 en este encuentro el Director de Salud Municipal, Dr. Cecilio Medina Elizondo; la subdirectora de Salud Municipal, Marina Saracho; el titular del Departamento de Prevenci\u00f3n Social, Roberto Carlos Calder\u00f3n Gamboa; de Ecolog\u00eda y Medio Ambiente, Ricardo D\u00edaz Segovia.<\/p>\n\n\n\n<p>El Presidente se comprometi\u00f3 a participar en las brigadas de salud contra el dengue, para aplicar acciones que disminuyan la proliferaci\u00f3n de este mosquito en el municipio.<\/p>\n\n\n\n<p>\u201cHe dado instrucciones para que las diferentes \u00e1reas operativas del municipio, como lo son Prevenci\u00f3n Social, Salud Municipal, Ecolog\u00eda, as\u00ed como Servicios P\u00fablicos y Protecci\u00f3n Civil, colaboren desde nuestra trinchera para hacer acciones efectivas en contra de la proliferaci\u00f3n del mosquito Aedes Aegypti, propagador del dengue\u201d, coment\u00f3.<\/p>\n\n\n\n<p>A\u00f1adi\u00f3 que cuenta con los recursos suficientes para llevar a cabo estas actividades, siempre coordinado con el Gobierno del Estado, que encabeza el Dr. Esteban Villegas Villarreal, a trav\u00e9s de la Secretar\u00eda de Salud y la Jurisdicci\u00f3n Sanitaria n\u00famero 2, y enfatiz\u00f3 que estas medidas ser\u00e1n implementadas de manera inmediata.<\/p>\n\n\n\n<p>El edil se\u00f1al\u00f3 que desde hace m\u00e1s de un mes, el Gobierno Municipal inici\u00f3 con labores preventivas de descacharrizaci\u00f3n, fumigaci\u00f3n y entrega de abate en diferentes sectores de Lerdo, en coordinaci\u00f3n con las autoridades de salud del estado, tanto en el \u00e1rea urbana y rural, redoblando esfuerzos de ser necesario.<\/p>\n\n\n\n<p>Finalmente, agradeci\u00f3 la presencia de las autoridades de salud para llevar a cabo un buen trabajo en equipo, y estar\u00e1 pendiente del avance de este programa en conjunto con las autoridades de salud.<\/p>\n","protected":false},"excerpt":{"rendered":"<p>Lerdo, 18 de septiembre 2024.- El Presidente Municipal Homero Mart\u00ednez Cabrera, encabez\u00f3 esta ma\u00f1ana, la reuni\u00f3n de la lucha contra el dengue. Durante la mesa de trabajo, se cont\u00f3 con la presencia del Doctor Pedro Antonio Facio Torres, Director de Salud P\u00fablica de la Jurisdicci\u00f3n Sanitaria n\u00famero 2, y la enfermera especialista Supervisora de la [&hellip;]<\/p>\n","protected":false},"author":1,"featured_media":9875,"comment_status":"open","ping_status":"open","sticky":false,"template":"","format":"standard","meta":{"_monsterinsights_skip_tracking":false,"_monsterinsights_sitenote_active":false,"_monsterinsights_sitenote_note":"","_monsterinsights_sitenote_category":0,"footnotes":""},"categories":[1],"tags":[],"_links":{"self":[{"href":"https:\/\/zonalimitrofe-cbnr.com\/index.php\/wp-json\/wp\/v2\/posts\/9874"}],"collection":[{"href":"https:\/\/zonalimitrofe-cbnr.com\/index.php\/wp-json\/wp\/v2\/posts"}],"about":[{"href":"https:\/\/zonalimitrofe-cbnr.com\/index.php\/wp-json\/wp\/v2\/types\/post"}],"author":[{"embeddable":true,"href":"https:\/\/zonalimitrofe-cbnr.com\/index.php\/wp-json\/wp\/v2\/users\/1"}],"replies":[{"embeddable":true,"href":"https:\/\/zonalimitrofe-cbnr.com\/index.php\/wp-json\/wp\/v2\/comments?post=9874"}],"version-history":[{"count":1,"href":"https:\/\/zonalimitrofe-cbnr.com\/index.php\/wp-json\/wp\/v2\/posts\/9874\/revisions"}],"predecessor-version":[{"id":9876,"href":"https:\/\/zonalimitrofe-cbnr.com\/index.php\/wp-json\/wp\/v2\/posts\/9874\/revisions\/9876"}],"wp:featuredmedia":[{"embeddable":true,"href":"https:\/\/zonalimitrofe-cbnr.com\/index.php\/wp-json\/wp\/v2\/media\/9875"}],"wp:attachment":[{"href":"https:\/\/zonalimitrofe-cbnr.com\/index.php\/wp-json\/wp\/v2\/media?parent=9874"}],"wp:term":[{"taxonomy":"category","embeddable":true,"href":"https:\/\/zonalimitrofe-cbnr.com\/index.php\/wp-json\/wp\/v2\/categories?post=9874"},{"taxonomy":"post_tag","embeddable":true,"href":"https:\/\/zonalimitrofe-cbnr.com\/index.php\/wp-json\/wp\/v2\/tags?post=9874"}],"curies":[{"name":"wp","href":"https:\/\/api.w.org\/{rel}","templated":true}]}}