{"id":9871,"date":"2024-09-18T18:17:24","date_gmt":"2024-09-19T00:17:24","guid":{"rendered":"https:\/\/zonalimitrofe-cbnr.com\/?p=9871"},"modified":"2024-09-18T18:17:25","modified_gmt":"2024-09-19T00:17:25","slug":"durango-mantiene-esteban-villegas-comunicacion-abierta-y-directa-con-periodistas-duranguenses","status":"publish","type":"post","link":"https:\/\/zonalimitrofe-cbnr.com\/index.php\/2024\/09\/18\/durango-mantiene-esteban-villegas-comunicacion-abierta-y-directa-con-periodistas-duranguenses\/","title":{"rendered":"#Durango. Mantiene Esteban Villegas comunicaci\u00f3n abierta y directa con periodistas duranguenses*"},"content":{"rendered":"\n<ul>\n<li><em>Junto al titular de Comunicaci\u00f3n Social, V\u00edctor Hugo Hern\u00e1ndez, reporteros y directores de medios digitales iniciaron di\u00e1logos sobre temas clave de Durango.<\/em><\/li>\n\n\n\n<li><em>En amena charla, reitera Gobierno Estatal respeto total a la libertad de expresi\u00f3n.<\/em><\/li>\n<\/ul>\n\n\n\n<p>Como muestra del compromiso del gobernador Esteban Villegas Villarreal con la promoci\u00f3n y defensa de la libertad de expresi\u00f3n, junto al titular de Comunicaci\u00f3n Social, V\u00edctor Hugo Hern\u00e1ndez Fuentes, periodistas y directores de medios digitales sostuvieron un di\u00e1logo con temas clave de Durango.<\/p>\n\n\n\n<p>El Mandatario Estatal, al agradecer el apoyo a dos a\u00f1os de gobierno, recalc\u00f3 la importancia del acceso instant\u00e1neo a la informaci\u00f3n a trav\u00e9s de los dispositivos inteligentes, \u201cgracias por estos dos a\u00f1os de cobertura, de su esfuerzo que se hace a trav\u00e9s de las plataformas, ya todos andamos en esto, todas las noticias las vemos a trav\u00e9s de los celulares, creo que vale mucho la pena que a trav\u00e9s de estas plataformas la gente acceda a la informaci\u00f3n\u201d.<\/p>\n\n\n\n<p>Acompa\u00f1ado del coordinador de Vinculaci\u00f3n, Francisco Valencia, el director de Comunicaci\u00f3n Social, V\u00edctor Hern\u00e1ndez Fuentes, destac\u00f3 la relevancia de los medios en esta etapa de innovaci\u00f3n que se vive en la entidad, \u201cDurango entr\u00f3 en una etapa de innovaci\u00f3n que nunca hab\u00eda experimentado y creo que el papel de ustedes como medios de comunicaci\u00f3n, como plataformas y como personalidades de redes sociales tambi\u00e9n va a jugar un papel importante\u201d.<\/p>\n\n\n\n<p>Villegas Villarreal, mencion\u00f3 que las redes sociales, m\u00e1s all\u00e1 de su importancia logran un alcance sorprendente, por lo que a finales de este mes se habr\u00e1 de renovar todo el equipo de digitalizaci\u00f3n del Gobierno Estatal, \u201cser\u00e1 una inversi\u00f3n importante que se pagar\u00e1 dentro de este sexenio, lo que nos permitir\u00e1 hacer muchas cosas como gobierno en la parte digital\u201d.<\/p>\n\n\n\n<p>Cabe mencionar que estas din\u00e1micas de di\u00e1logo con periodistas y medios digitales habr\u00e1n de continuar con el fin de lograr una comunicaci\u00f3n abierta y cercana a todos.<\/p>\n","protected":false},"excerpt":{"rendered":"<p>Como muestra del compromiso del gobernador Esteban Villegas Villarreal con la promoci\u00f3n y defensa de la libertad de expresi\u00f3n, junto al titular de Comunicaci\u00f3n Social, V\u00edctor Hugo Hern\u00e1ndez Fuentes, periodistas y directores de medios digitales sostuvieron un di\u00e1logo con temas clave de Durango. El Mandatario Estatal, al agradecer el apoyo a dos a\u00f1os de gobierno, [&hellip;]<\/p>\n","protected":false},"author":1,"featured_media":9872,"comment_status":"open","ping_status":"open","sticky":false,"template":"","format":"standard","meta":{"_monsterinsights_skip_tracking":false,"_monsterinsights_sitenote_active":false,"_monsterinsights_sitenote_note":"","_monsterinsights_sitenote_category":0,"footnotes":""},"categories":[1],"tags":[],"_links":{"self":[{"href":"https:\/\/zonalimitrofe-cbnr.com\/index.php\/wp-json\/wp\/v2\/posts\/9871"}],"collection":[{"href":"https:\/\/zonalimitrofe-cbnr.com\/index.php\/wp-json\/wp\/v2\/posts"}],"about":[{"href":"https:\/\/zonalimitrofe-cbnr.com\/index.php\/wp-json\/wp\/v2\/types\/post"}],"author":[{"embeddable":true,"href":"https:\/\/zonalimitrofe-cbnr.com\/index.php\/wp-json\/wp\/v2\/users\/1"}],"replies":[{"embeddable":true,"href":"https:\/\/zonalimitrofe-cbnr.com\/index.php\/wp-json\/wp\/v2\/comments?post=9871"}],"version-history":[{"count":1,"href":"https:\/\/zonalimitrofe-cbnr.com\/index.php\/wp-json\/wp\/v2\/posts\/9871\/revisions"}],"predecessor-version":[{"id":9873,"href":"https:\/\/zonalimitrofe-cbnr.com\/index.php\/wp-json\/wp\/v2\/posts\/9871\/revisions\/9873"}],"wp:featuredmedia":[{"embeddable":true,"href":"https:\/\/zonalimitrofe-cbnr.com\/index.php\/wp-json\/wp\/v2\/media\/9872"}],"wp:attachment":[{"href":"https:\/\/zonalimitrofe-cbnr.com\/index.php\/wp-json\/wp\/v2\/media?parent=9871"}],"wp:term":[{"taxonomy":"category","embeddable":true,"href":"https:\/\/zonalimitrofe-cbnr.com\/index.php\/wp-json\/wp\/v2\/categories?post=9871"},{"taxonomy":"post_tag","embeddable":true,"href":"https:\/\/zonalimitrofe-cbnr.com\/index.php\/wp-json\/wp\/v2\/tags?post=9871"}],"curies":[{"name":"wp","href":"https:\/\/api.w.org\/{rel}","templated":true}]}}