{"id":9865,"date":"2024-09-18T18:12:40","date_gmt":"2024-09-19T00:12:40","guid":{"rendered":"https:\/\/zonalimitrofe-cbnr.com\/?p=9865"},"modified":"2024-09-18T18:12:40","modified_gmt":"2024-09-19T00:12:40","slug":"torreon-roman-alberto-cepeda-gonzalez-firma-convenio-con-la-uadec-en-beneficio-de-la-comunidad-estudiantil","status":"publish","type":"post","link":"https:\/\/zonalimitrofe-cbnr.com\/index.php\/2024\/09\/18\/torreon-roman-alberto-cepeda-gonzalez-firma-convenio-con-la-uadec-en-beneficio-de-la-comunidad-estudiantil\/","title":{"rendered":"#Torre\u00f3n. Rom\u00e1n Alberto Cepeda Gonz\u00e1lez firma convenio con la UAdeC en beneficio de la comunidad estudiantil \u00a0"},"content":{"rendered":"\n<p>Torre\u00f3n, Coahuila. A 18 de septiembre de 2024.<\/p>\n\n\n\n<p>El alcalde Rom\u00e1n Alberto Cepeda Gonz\u00e1lez y el rector de la Universidad Aut\u00f3noma de Coahuila (UAdeC), Jes\u00fas Octavio Pimentel Mart\u00ednez, firmaron un convenio de colaboraci\u00f3n en materia de transporte p\u00fablico y movilidad, seguridad, atenci\u00f3n a la salud mental, entre otros, en beneficio de la comunidad estudiantil.<br>&nbsp;<br>El Presidente Municipal dijo que el convenio tiene como objetivo elevar la calidad educativa de Torre\u00f3n, e impulsar la investigaci\u00f3n y el desarrollo de pol\u00edticas p\u00fablicas en coordinaci\u00f3n con la UAdeC.<br>&nbsp;<br>El convenio va a beneficiar a 15 mil estudiantes.<br>&nbsp;<br>\u201cSe trata de un convenio impl\u00edcito en el Plan Municipal de Desarrollo y hoy se concreta en favor tambi\u00e9n del personal docente de la universidad y la Administraci\u00f3n Municipal\u201d, explic\u00f3 el edil.<br>&nbsp;<br>El Alcalde agreg\u00f3 que la colaboraci\u00f3n del Municipio con la UAdeC incluye temas relacionados con Tr\u00e1nsito y Vialidad, Seguridad P\u00fablica, transporte y Cultura.<br>&nbsp;<br>\u201cTambi\u00e9n va en funci\u00f3n de programas como Mi Primera Licencia. Adem\u00e1s, un tema de seguridad estudiantil porque es fundamental que vayan a la escuela o el trabajo con tranquilidad\u201d, coment\u00f3.<br>&nbsp;<br>Sobre los programas de la Direcci\u00f3n de Vialidad y Movilidad Urbana como \u201cMi primera licencia\u201d o \u201cSin casco no viajas\u201d, Cepeda Gonz\u00e1lez destac\u00f3 que se basan sobre todo en la capacitaci\u00f3n para que los j\u00f3venes conozcan las reglas, y as\u00ed continuar con la prevenci\u00f3n de accidentes fatales, los cuales han disminuido desde inicio de la Administraci\u00f3n.<br>&nbsp;<br>En relaci\u00f3n al tema de transporte, se acord\u00f3 revisar la ampliaci\u00f3n de rutas para cubrir la demanda de los alumnos, as\u00ed como descuentos del pasaje.<br>&nbsp;<br>Por otro lado, el Presidente Municipal dijo que tambi\u00e9n habr\u00e1 colaboraci\u00f3n para la capacitaci\u00f3n y la continuidad de estudios de elementos de Tr\u00e1nsito y Vialidad y de la Polic\u00eda de Torre\u00f3n, para conseguir un mejor nivel de profesionalizaci\u00f3n.<br>&nbsp;<br>&nbsp;<br>&nbsp;<br>Por su parte, el rector de la UAdeC, Jes\u00fas Octavio Pimentel Mart\u00ednez, destac\u00f3 el trabajo previo realizado en coordinaci\u00f3n con el Alcalde y le dio las gracias por la respuesta inmediata del Municipio para la atenci\u00f3n a solicitudes como mayor iluminaci\u00f3n y seguridad en Ciudad Universitaria (CU).<br>&nbsp;<br>\u201cAgradecerte Alcalde el trabajo que hemos venido haciendo desde hace tiempo, y por el apoyo de la Administraci\u00f3n porque ahora tenemos el per\u00edmetro de Ciudad Universitaria m\u00e1s iluminado y con una caseta de polic\u00eda\u201d, manifest\u00f3.<br>&nbsp;<br>El rector dijo que hay gran colaboraci\u00f3n con el Municipio y que hoy se refrenda con la firma del convenio.<br>&nbsp;<br>Estuvieron tambi\u00e9n presentes: Luis Jorge Cuerda Serna, primer regidor; Sandra L\u00f3pez Chavarr\u00eda, Coordinadora UA de C, Unidad Torre\u00f3n; Oscar Gerardo Luj\u00e1n, Tesorero Municipal; Comisario Cesar Antonio Perales Esparza, director general de Seguridad P\u00fablica; Luis Alberto Morales Cort\u00e9s, director general de Vialidad y Movilidad Urbana; H\u00e9ctor Estrada, director de Desarrollo Social; Antonio Edmundo M\u00e9ndez Vigat\u00e1, director del Instituto Municipal de Cultura y Educaci\u00f3n (IMCE); Eder Jes\u00fas Far\u00edas Cedillo, subsecretario de Asuntos Jur\u00eddicos del Ayuntamiento y Adriana Centeno, directora de Asuntos Acad\u00e9micos de la UAdeC.<br>&nbsp;<\/p>\n","protected":false},"excerpt":{"rendered":"<p>Torre\u00f3n, Coahuila. A 18 de septiembre de 2024. El alcalde Rom\u00e1n Alberto Cepeda Gonz\u00e1lez y el rector de la Universidad Aut\u00f3noma de Coahuila (UAdeC), Jes\u00fas Octavio Pimentel Mart\u00ednez, firmaron un convenio de colaboraci\u00f3n en materia de transporte p\u00fablico y movilidad, seguridad, atenci\u00f3n a la salud mental, entre otros, en beneficio de la comunidad estudiantil.&nbsp;El Presidente [&hellip;]<\/p>\n","protected":false},"author":1,"featured_media":9866,"comment_status":"open","ping_status":"open","sticky":false,"template":"","format":"standard","meta":{"_monsterinsights_skip_tracking":false,"_monsterinsights_sitenote_active":false,"_monsterinsights_sitenote_note":"","_monsterinsights_sitenote_category":0,"footnotes":""},"categories":[1],"tags":[],"_links":{"self":[{"href":"https:\/\/zonalimitrofe-cbnr.com\/index.php\/wp-json\/wp\/v2\/posts\/9865"}],"collection":[{"href":"https:\/\/zonalimitrofe-cbnr.com\/index.php\/wp-json\/wp\/v2\/posts"}],"about":[{"href":"https:\/\/zonalimitrofe-cbnr.com\/index.php\/wp-json\/wp\/v2\/types\/post"}],"author":[{"embeddable":true,"href":"https:\/\/zonalimitrofe-cbnr.com\/index.php\/wp-json\/wp\/v2\/users\/1"}],"replies":[{"embeddable":true,"href":"https:\/\/zonalimitrofe-cbnr.com\/index.php\/wp-json\/wp\/v2\/comments?post=9865"}],"version-history":[{"count":1,"href":"https:\/\/zonalimitrofe-cbnr.com\/index.php\/wp-json\/wp\/v2\/posts\/9865\/revisions"}],"predecessor-version":[{"id":9867,"href":"https:\/\/zonalimitrofe-cbnr.com\/index.php\/wp-json\/wp\/v2\/posts\/9865\/revisions\/9867"}],"wp:featuredmedia":[{"embeddable":true,"href":"https:\/\/zonalimitrofe-cbnr.com\/index.php\/wp-json\/wp\/v2\/media\/9866"}],"wp:attachment":[{"href":"https:\/\/zonalimitrofe-cbnr.com\/index.php\/wp-json\/wp\/v2\/media?parent=9865"}],"wp:term":[{"taxonomy":"category","embeddable":true,"href":"https:\/\/zonalimitrofe-cbnr.com\/index.php\/wp-json\/wp\/v2\/categories?post=9865"},{"taxonomy":"post_tag","embeddable":true,"href":"https:\/\/zonalimitrofe-cbnr.com\/index.php\/wp-json\/wp\/v2\/tags?post=9865"}],"curies":[{"name":"wp","href":"https:\/\/api.w.org\/{rel}","templated":true}]}}