{"id":9862,"date":"2024-09-18T18:10:08","date_gmt":"2024-09-19T00:10:08","guid":{"rendered":"https:\/\/zonalimitrofe-cbnr.com\/?p=9862"},"modified":"2024-09-18T18:10:09","modified_gmt":"2024-09-19T00:10:09","slug":"gp-realizaran-simulacro-de-incendio-en-la-presidencia-municipal-de-gomez-palacio","status":"publish","type":"post","link":"https:\/\/zonalimitrofe-cbnr.com\/index.php\/2024\/09\/18\/gp-realizaran-simulacro-de-incendio-en-la-presidencia-municipal-de-gomez-palacio\/","title":{"rendered":"#GP. Realizar\u00e1n simulacro de incendio en la Presidencia Municipal de G\u00f3mez Palacio*"},"content":{"rendered":"\n<p>En el marco del D\u00eda Nacional de Protecci\u00f3n Civil, el Ayuntamiento de G\u00f3mez Palacio, a trav\u00e9s de la Direcci\u00f3n de Protecci\u00f3n Civil, llevar\u00e1 a cabo un simulacro con hip\u00f3tesis de incendio ma\u00f1ana jueves a las 11:00 horas en el edificio de la Presidencia Municipal.<\/p>\n\n\n\n<p>Santiago Rodr\u00edguez Ch\u00e1vez, titular de la Direcci\u00f3n de Protecci\u00f3n Civil, destac\u00f3 que este ejercicio tiene como objetivo la capacitaci\u00f3n del personal y evaluar el tiempo de respuesta para garantizar la seguridad de los empleados y visitantes de la Presidencia Municipal ante posibles situaciones de emergencia.<\/p>\n\n\n\n<p>Manifest\u00f3 que, para la Presidenta Municipal Leticia Herrera Ale, es crucial garantizar la seguridad de los trabajadores municipales y que est\u00e9n preparados para reaccionar ante cualquier situaci\u00f3n de riesgo, lo cual motiva la realizaci\u00f3n de este simulacro.<\/p>\n\n\n\n<p>Rodr\u00edguez Ch\u00e1vez coment\u00f3 que este acto se realiza en conmemoraci\u00f3n del 19 de septiembre, fecha significativa en M\u00e9xico debido al sismo de 1985 en la Ciudad de M\u00e9xico, el cual expuso la falta de educaci\u00f3n y preparaci\u00f3n ante este tipo emergencias. \u201cDesde entonces, tanto el gobierno como la ciudadan\u00eda han tomado conciencia sobre la importancia de estar preparados para salvaguardar vidas\u201d, a\u00f1adi\u00f3.<\/p>\n","protected":false},"excerpt":{"rendered":"<p>En el marco del D\u00eda Nacional de Protecci\u00f3n Civil, el Ayuntamiento de G\u00f3mez Palacio, a trav\u00e9s de la Direcci\u00f3n de Protecci\u00f3n Civil, llevar\u00e1 a cabo un simulacro con hip\u00f3tesis de incendio ma\u00f1ana jueves a las 11:00 horas en el edificio de la Presidencia Municipal. Santiago Rodr\u00edguez Ch\u00e1vez, titular de la Direcci\u00f3n de Protecci\u00f3n Civil, destac\u00f3 [&hellip;]<\/p>\n","protected":false},"author":1,"featured_media":9863,"comment_status":"open","ping_status":"open","sticky":false,"template":"","format":"standard","meta":{"_monsterinsights_skip_tracking":false,"_monsterinsights_sitenote_active":false,"_monsterinsights_sitenote_note":"","_monsterinsights_sitenote_category":0,"footnotes":""},"categories":[1],"tags":[],"_links":{"self":[{"href":"https:\/\/zonalimitrofe-cbnr.com\/index.php\/wp-json\/wp\/v2\/posts\/9862"}],"collection":[{"href":"https:\/\/zonalimitrofe-cbnr.com\/index.php\/wp-json\/wp\/v2\/posts"}],"about":[{"href":"https:\/\/zonalimitrofe-cbnr.com\/index.php\/wp-json\/wp\/v2\/types\/post"}],"author":[{"embeddable":true,"href":"https:\/\/zonalimitrofe-cbnr.com\/index.php\/wp-json\/wp\/v2\/users\/1"}],"replies":[{"embeddable":true,"href":"https:\/\/zonalimitrofe-cbnr.com\/index.php\/wp-json\/wp\/v2\/comments?post=9862"}],"version-history":[{"count":1,"href":"https:\/\/zonalimitrofe-cbnr.com\/index.php\/wp-json\/wp\/v2\/posts\/9862\/revisions"}],"predecessor-version":[{"id":9864,"href":"https:\/\/zonalimitrofe-cbnr.com\/index.php\/wp-json\/wp\/v2\/posts\/9862\/revisions\/9864"}],"wp:featuredmedia":[{"embeddable":true,"href":"https:\/\/zonalimitrofe-cbnr.com\/index.php\/wp-json\/wp\/v2\/media\/9863"}],"wp:attachment":[{"href":"https:\/\/zonalimitrofe-cbnr.com\/index.php\/wp-json\/wp\/v2\/media?parent=9862"}],"wp:term":[{"taxonomy":"category","embeddable":true,"href":"https:\/\/zonalimitrofe-cbnr.com\/index.php\/wp-json\/wp\/v2\/categories?post=9862"},{"taxonomy":"post_tag","embeddable":true,"href":"https:\/\/zonalimitrofe-cbnr.com\/index.php\/wp-json\/wp\/v2\/tags?post=9862"}],"curies":[{"name":"wp","href":"https:\/\/api.w.org\/{rel}","templated":true}]}}