{"id":9835,"date":"2024-09-18T15:07:00","date_gmt":"2024-09-18T21:07:00","guid":{"rendered":"https:\/\/zonalimitrofe-cbnr.com\/?p=9835"},"modified":"2024-09-18T15:07:00","modified_gmt":"2024-09-18T21:07:00","slug":"durango-el-festival-revueltas-2024-llenara-de-arte-y-cultura-cada-rincon-de-durango-gobernador-esteban-presenta-su-cartelera","status":"publish","type":"post","link":"https:\/\/zonalimitrofe-cbnr.com\/index.php\/2024\/09\/18\/durango-el-festival-revueltas-2024-llenara-de-arte-y-cultura-cada-rincon-de-durango-gobernador-esteban-presenta-su-cartelera\/","title":{"rendered":"#Durango. El Festival Revueltas 2024 llenar\u00e1 de arte y cultura cada rinc\u00f3n de Durango; gobernador Esteban presenta su cartelera*"},"content":{"rendered":"\n<ul>\n<li><em>Habr\u00e1 m\u00e1s de cien eventos del 11 al 20 de octubre y se tendr\u00e1 la participaci\u00f3n de Zacatecas como estado invitado.<\/em><\/li>\n\n\n\n<li><em>En cartelera estar\u00e1n \u201cJacobo V\u00e9lez y la Mambanegra\u201d, Aleks Syntek, Alejandro Filio, \u201cLupita Sandoval, Los \u00c1ngeles Negros, Todd Clouser &amp; A Love Electric, Ang\u00e9lica Mar\u00eda y Ang\u00e9lica Vale y Nortec Bostich + Fussible.<\/em><\/li>\n<\/ul>\n\n\n\n<p>Con una programaci\u00f3n llena de talento local nacional e internacional, Durango y sus espacios emblem\u00e1ticos se envolver\u00e1n de expresiones art\u00edsticas, dio a conocer el gobernador Esteban Villegas Villarreal al presentar la cartelera del Festival Cultural Revueltas 2024, en la que se proyectar\u00e1n las ra\u00edces del estado con m\u00e1s de 100 actividades y eventos gratuitos.<\/p>\n\n\n\n<p>Entre los eventos estelares destacan el concierto de \u201cJacobo V\u00e9lez y la Mambanegra\u201d, \u201cAleks Syntek\u201d, \u201cAlejandro Filio\u201d, \u201cLupita Sandoval\u201d con el mon\u00f3nolo c\u00f3mico musical \u00bfGorda yo?; \u201cLos \u00c1ngeles Negros\u201d, \u201cTodd Clouser &amp; A Love Electric\u201d, \u201cLas Ang\u00e9licas\u201d Ang\u00e9lica Mar\u00eda y Ang\u00e9lica Vale Show, y \u201cNortec Bostich + Fussible (Full Band)\u201d.<\/p>\n\n\n\n<p>Acompa\u00f1ado de su esposa Marisol Rosso y el alcalde capitalino To\u00f1o Ochoa, el Ejecutivo Estatal recalc\u00f3 que este festival, una vez m\u00e1s se logra tan solo con ocho millones de pesos, lejos de los 40 millones que antes se gastaban en su organizaci\u00f3n.<\/p>\n\n\n\n<p>&#8220;Que se siga escuchando Durango por lo que somos y por su valor cultural, concepto que nos hace singulares, c\u00f3mo nuestras majestuosidades naturales; vienen buenos tiempos y con este festival, le apostamos al talento y buenas bases con valores para las futuras generaciones&#8221;, afirm\u00f3 tras recordar su carrera como de otros artistas que iniciaron en el Teatro del Calvario &#8220;Lilia Santaella&#8221;.<\/p>\n\n\n\n<p>El presidente municipal, To\u00f1o Ochoa, reconoci\u00f3 este acto, de fomentar la cultura y el trabajo en unidad para impulsar el talento y est\u00e1s expresiones art\u00edsticas.<\/p>\n\n\n\n<p>El director del Instituto de Cultura del Estado de Durango (ICED), Francisco Javier P\u00e9rez Meza detall\u00f3 que este festival se desarrollar\u00e1 del 11 al 20 de octubre, y el m\u00e1s grande de nuestra entidad.<\/p>\n\n\n\n<p>La secretaria de Turismo, Elisa Haro, indic\u00f3 que con estos eventos se potenc\u00edan los espacios culturales, pueblos m\u00e1gicos, lo que propiciar\u00e1 mayores oportunidades a las regiones con vocaci\u00f3n tur\u00edstica.<\/p>\n\n\n\n<p>En esta edici\u00f3n se tendr\u00e1 como invitado al estado de Zacatecas y se contar\u00e1 con una programaci\u00f3n de m\u00e1s de eventos culturales, donde participar\u00e1n m\u00e1s de 700 artistas y creadores, procedentes de Durango, CDMX, Jalisco, Zacatecas, Nuevo Le\u00f3n, San Luis Potos\u00ed, Guanajuato, Baja California, Aguascalientes y Chihuahua, adem\u00e1s de los pa\u00edses de Argentina, Colombia, Paraguay, Suiza, Bolivia, Guatemala y Chile.<\/p>\n\n\n\n<p>Los espacios que albergar\u00e1n las actividades de este festival ser\u00e1n: Teatro Victoria, Teatro de la Juventud, Corredor Constituci\u00f3n, Plaza IV Centenario, entre otros espacios del Centro Hist\u00f3rico y 11 municipios.<\/p>\n","protected":false},"excerpt":{"rendered":"<p>Con una programaci\u00f3n llena de talento local nacional e internacional, Durango y sus espacios emblem\u00e1ticos se envolver\u00e1n de expresiones art\u00edsticas, dio a conocer el gobernador Esteban Villegas Villarreal al presentar la cartelera del Festival Cultural Revueltas 2024, en la que se proyectar\u00e1n las ra\u00edces del estado con m\u00e1s de 100 actividades y eventos gratuitos. Entre [&hellip;]<\/p>\n","protected":false},"author":1,"featured_media":9836,"comment_status":"open","ping_status":"open","sticky":false,"template":"","format":"standard","meta":{"_monsterinsights_skip_tracking":false,"_monsterinsights_sitenote_active":false,"_monsterinsights_sitenote_note":"","_monsterinsights_sitenote_category":0,"footnotes":""},"categories":[1],"tags":[],"_links":{"self":[{"href":"https:\/\/zonalimitrofe-cbnr.com\/index.php\/wp-json\/wp\/v2\/posts\/9835"}],"collection":[{"href":"https:\/\/zonalimitrofe-cbnr.com\/index.php\/wp-json\/wp\/v2\/posts"}],"about":[{"href":"https:\/\/zonalimitrofe-cbnr.com\/index.php\/wp-json\/wp\/v2\/types\/post"}],"author":[{"embeddable":true,"href":"https:\/\/zonalimitrofe-cbnr.com\/index.php\/wp-json\/wp\/v2\/users\/1"}],"replies":[{"embeddable":true,"href":"https:\/\/zonalimitrofe-cbnr.com\/index.php\/wp-json\/wp\/v2\/comments?post=9835"}],"version-history":[{"count":1,"href":"https:\/\/zonalimitrofe-cbnr.com\/index.php\/wp-json\/wp\/v2\/posts\/9835\/revisions"}],"predecessor-version":[{"id":9837,"href":"https:\/\/zonalimitrofe-cbnr.com\/index.php\/wp-json\/wp\/v2\/posts\/9835\/revisions\/9837"}],"wp:featuredmedia":[{"embeddable":true,"href":"https:\/\/zonalimitrofe-cbnr.com\/index.php\/wp-json\/wp\/v2\/media\/9836"}],"wp:attachment":[{"href":"https:\/\/zonalimitrofe-cbnr.com\/index.php\/wp-json\/wp\/v2\/media?parent=9835"}],"wp:term":[{"taxonomy":"category","embeddable":true,"href":"https:\/\/zonalimitrofe-cbnr.com\/index.php\/wp-json\/wp\/v2\/categories?post=9835"},{"taxonomy":"post_tag","embeddable":true,"href":"https:\/\/zonalimitrofe-cbnr.com\/index.php\/wp-json\/wp\/v2\/tags?post=9835"}],"curies":[{"name":"wp","href":"https:\/\/api.w.org\/{rel}","templated":true}]}}