{"id":9823,"date":"2024-09-18T12:40:31","date_gmt":"2024-09-18T18:40:31","guid":{"rendered":"https:\/\/zonalimitrofe-cbnr.com\/?p=9823"},"modified":"2024-09-18T12:40:31","modified_gmt":"2024-09-18T18:40:31","slug":"lerdo-brinda-instituto-de-discapacidad-terapia-fisica-en-colonia-francisco-villa-norte","status":"publish","type":"post","link":"https:\/\/zonalimitrofe-cbnr.com\/index.php\/2024\/09\/18\/lerdo-brinda-instituto-de-discapacidad-terapia-fisica-en-colonia-francisco-villa-norte\/","title":{"rendered":"#Lerdo. BRINDA INSTITUTO DE DISCAPACIDAD TERAPIA F\u00cdSICA EN COLONIA FRANCISCO VILLA NORTE"},"content":{"rendered":"\n<p>Lerdo, 18 de septiembre 2024.\u2013 Continuando con los servicios de atenci\u00f3n personalizados, el pasado martes, el Instituto para las Personas con Discapacidad en Lerdo realiz\u00f3 una visita domiciliaria en la colonia Francisco Villa Norte, donde llevaron a cabo una valoraci\u00f3n integral a un residente local con necesidades especiales.<\/p>\n\n\n\n<p>La directora del Instituto, Karimme Caldera, comparti\u00f3 que el Presidente Municipal Homero Mart\u00ednez Cabrera ha instruido al personal del Instituto para brindar un servicio de calidad a las personas m\u00e1s vulnerables del municipio y garantizar su bienestar. A\u00f1adi\u00f3 que fue la Lic. en Terapia F\u00edsica Alejandra Carrasco, la encargada de ofrecer este apoyo directo al ciudadano de la colonia antes mencionada.<\/p>\n\n\n\n<p>La atenci\u00f3n especializada en terapia f\u00edsica juega un papel crucial en la mejora de la movilidad, fuerza y coordinaci\u00f3n de los pacientes, ayud\u00e1ndoles a recuperar o mejorar su capacidad para realizar actividades diarias y reducir el dolor asociado con diversas condiciones f\u00edsicas, permitiendo as\u00ed una mayor calidad de vida.<\/p>\n\n\n\n<p>Cabe resaltar que, adem\u00e1s de esta actividad, el equipo del Instituto Municipal para las Personas con Discapacidad, tambi\u00e9n brindan apoyo alimenticio para el paciente y su familia.<\/p>\n\n\n\n<p>Para aquellos interesados en obtener m\u00e1s informaci\u00f3n sobre estas valiosas visitas y servicios, el Instituto para las Personas con Discapacidad se encuentra ubicado al interior de la Unidad Administrativa de San Isidro, en la calle Ram\u00f3n Leyva, entre L\u00f3pez Ray\u00f3n y Galeana. Las puertas de la dependencia municipal est\u00e1n abiertas de lunes a viernes, de 8:00 a 16:00 horas, para atender todas las consultas y ofrecer la ayuda necesaria.<\/p>\n\n\n\n<p>Se reitera que este tipo de iniciativas forman parte del firme compromiso del Alcalde de Lerdo Homero Mart\u00ednez Cabrera y del Instituto de Discapacidad, quienes buscan constantemente brindar un apoyo integral a quienes m\u00e1s lo necesitan, en un esfuerzo constante por construir una comunidad m\u00e1s inclusiva y solidaria.<\/p>\n","protected":false},"excerpt":{"rendered":"<p>Lerdo, 18 de septiembre 2024.\u2013 Continuando con los servicios de atenci\u00f3n personalizados, el pasado martes, el Instituto para las Personas con Discapacidad en Lerdo realiz\u00f3 una visita domiciliaria en la colonia Francisco Villa Norte, donde llevaron a cabo una valoraci\u00f3n integral a un residente local con necesidades especiales. La directora del Instituto, Karimme Caldera, comparti\u00f3 [&hellip;]<\/p>\n","protected":false},"author":1,"featured_media":9824,"comment_status":"open","ping_status":"open","sticky":false,"template":"","format":"standard","meta":{"_monsterinsights_skip_tracking":false,"_monsterinsights_sitenote_active":false,"_monsterinsights_sitenote_note":"","_monsterinsights_sitenote_category":0,"footnotes":""},"categories":[1],"tags":[],"_links":{"self":[{"href":"https:\/\/zonalimitrofe-cbnr.com\/index.php\/wp-json\/wp\/v2\/posts\/9823"}],"collection":[{"href":"https:\/\/zonalimitrofe-cbnr.com\/index.php\/wp-json\/wp\/v2\/posts"}],"about":[{"href":"https:\/\/zonalimitrofe-cbnr.com\/index.php\/wp-json\/wp\/v2\/types\/post"}],"author":[{"embeddable":true,"href":"https:\/\/zonalimitrofe-cbnr.com\/index.php\/wp-json\/wp\/v2\/users\/1"}],"replies":[{"embeddable":true,"href":"https:\/\/zonalimitrofe-cbnr.com\/index.php\/wp-json\/wp\/v2\/comments?post=9823"}],"version-history":[{"count":1,"href":"https:\/\/zonalimitrofe-cbnr.com\/index.php\/wp-json\/wp\/v2\/posts\/9823\/revisions"}],"predecessor-version":[{"id":9825,"href":"https:\/\/zonalimitrofe-cbnr.com\/index.php\/wp-json\/wp\/v2\/posts\/9823\/revisions\/9825"}],"wp:featuredmedia":[{"embeddable":true,"href":"https:\/\/zonalimitrofe-cbnr.com\/index.php\/wp-json\/wp\/v2\/media\/9824"}],"wp:attachment":[{"href":"https:\/\/zonalimitrofe-cbnr.com\/index.php\/wp-json\/wp\/v2\/media?parent=9823"}],"wp:term":[{"taxonomy":"category","embeddable":true,"href":"https:\/\/zonalimitrofe-cbnr.com\/index.php\/wp-json\/wp\/v2\/categories?post=9823"},{"taxonomy":"post_tag","embeddable":true,"href":"https:\/\/zonalimitrofe-cbnr.com\/index.php\/wp-json\/wp\/v2\/tags?post=9823"}],"curies":[{"name":"wp","href":"https:\/\/api.w.org\/{rel}","templated":true}]}}