{"id":9820,"date":"2024-09-18T12:38:34","date_gmt":"2024-09-18T18:38:34","guid":{"rendered":"https:\/\/zonalimitrofe-cbnr.com\/?p=9820"},"modified":"2024-09-18T12:38:34","modified_gmt":"2024-09-18T18:38:34","slug":"iec-realiza-iec-presentacion-del-libro-debates-2023-memoria-documental","status":"publish","type":"post","link":"https:\/\/zonalimitrofe-cbnr.com\/index.php\/2024\/09\/18\/iec-realiza-iec-presentacion-del-libro-debates-2023-memoria-documental\/","title":{"rendered":"#IEC. Realiza IEC presentaci\u00f3n del libro Debates 2023. Memoria documental"},"content":{"rendered":"\n<p>El Instituto Electoral de Coahuila llev\u00f3 a cabo este martes 17 de septiembre la presentaci\u00f3n del libro Debates 2023. Memoria documental, como parte de sus actividades en la Feria Internacional del Libro Coahuila 2024.<\/p>\n\n\n\n<p>Los comentarios de la obra estuvieron a cargo de la Consejera Electoral Leticia Bravo Ostos, quien fungi\u00f3 como Presidenta de la Comisi\u00f3n Temporal de Debates en el Proceso Electoral 2023; del Consejero Electoral \u00d3scar Daniel Rodr\u00edguez Fuentes, quien desempe\u00f1\u00f3 el cargo de Presidente de la Comisi\u00f3n Editorial y de Difusi\u00f3n de la Cultura Democr\u00e1tica del IEC en dicho periodo; Guillermo Herrera M\u00e1rquez, Director Ejecutivo de Comunicaci\u00f3n Social del Instituto y Secretario T\u00e9cnico de ambas Comisiones; y de la periodista Rosa Ivonne Melgar Navas, quien particip\u00f3 como moderadora en el Segundo Debate Electoral a la Gubernatura del Estado, realizado en la ciudad de Saltillo.<\/p>\n\n\n\n<p>Al evento desarrollado en la Sala Julio Torri de la Ciudad Universitaria de la Universidad Aut\u00f3noma de Coahuila campus Arteaga, asistieron tambi\u00e9n el Rodrigo Germ\u00e1n Paredes Lozano, Consejero Presidente del IEC; Beatriz Eugenia Rodr\u00edguez Villanueva, Juan Carlos Cisneros Ruiz y Juan Antonio Silva Espinoza, integrantes del Consejo General del IEC; como estudiantes de la Universidad Carolina y de la Facultad de Jurisprudencia de la UAdeC.<\/p>\n\n\n\n<p>Se extiende una atenta invitaci\u00f3n al p\u00fablico en general, para visitar nuestro stand institucional y acompa\u00f1arnos en las actividades del IEC en la FILC 2024: el d\u00eda de ma\u00f1ana 18 de septiembre, en punto de las 11:00 horas, se llevar\u00e1 a cabo el conversatorio \u201cLa participaci\u00f3n pol\u00edtica de las mujeres en el Proceso Electoral Local 2024\u201d, as\u00ed como la presentaci\u00f3n del libro Participaci\u00f3n pol\u00edtica de las mujeres: avances y obst\u00e1culos, coordinado por Georgina C\u00e1rdenas Acosta, a las 13: 00 horas, en la Sala Enriqueta Ochoa de la sede de la Feria. Asimismo, el d\u00eda 19 de septiembre a las 11:00 horas en el mismo lugar, la presentaci\u00f3n del libro Observadores<\/p>\n\n\n\n<p>electorales internacionales en M\u00e9xico: su historia desde la Revoluci\u00f3n hasta 1994, de la autor\u00eda del Consejero Electoral Juan Carlos Cisneros Ruiz.<\/p>\n","protected":false},"excerpt":{"rendered":"<p>El Instituto Electoral de Coahuila llev\u00f3 a cabo este martes 17 de septiembre la presentaci\u00f3n del libro Debates 2023. Memoria documental, como parte de sus actividades en la Feria Internacional del Libro Coahuila 2024. Los comentarios de la obra estuvieron a cargo de la Consejera Electoral Leticia Bravo Ostos, quien fungi\u00f3 como Presidenta de la [&hellip;]<\/p>\n","protected":false},"author":1,"featured_media":9821,"comment_status":"open","ping_status":"open","sticky":false,"template":"","format":"standard","meta":{"_monsterinsights_skip_tracking":false,"_monsterinsights_sitenote_active":false,"_monsterinsights_sitenote_note":"","_monsterinsights_sitenote_category":0,"footnotes":""},"categories":[1],"tags":[],"_links":{"self":[{"href":"https:\/\/zonalimitrofe-cbnr.com\/index.php\/wp-json\/wp\/v2\/posts\/9820"}],"collection":[{"href":"https:\/\/zonalimitrofe-cbnr.com\/index.php\/wp-json\/wp\/v2\/posts"}],"about":[{"href":"https:\/\/zonalimitrofe-cbnr.com\/index.php\/wp-json\/wp\/v2\/types\/post"}],"author":[{"embeddable":true,"href":"https:\/\/zonalimitrofe-cbnr.com\/index.php\/wp-json\/wp\/v2\/users\/1"}],"replies":[{"embeddable":true,"href":"https:\/\/zonalimitrofe-cbnr.com\/index.php\/wp-json\/wp\/v2\/comments?post=9820"}],"version-history":[{"count":1,"href":"https:\/\/zonalimitrofe-cbnr.com\/index.php\/wp-json\/wp\/v2\/posts\/9820\/revisions"}],"predecessor-version":[{"id":9822,"href":"https:\/\/zonalimitrofe-cbnr.com\/index.php\/wp-json\/wp\/v2\/posts\/9820\/revisions\/9822"}],"wp:featuredmedia":[{"embeddable":true,"href":"https:\/\/zonalimitrofe-cbnr.com\/index.php\/wp-json\/wp\/v2\/media\/9821"}],"wp:attachment":[{"href":"https:\/\/zonalimitrofe-cbnr.com\/index.php\/wp-json\/wp\/v2\/media?parent=9820"}],"wp:term":[{"taxonomy":"category","embeddable":true,"href":"https:\/\/zonalimitrofe-cbnr.com\/index.php\/wp-json\/wp\/v2\/categories?post=9820"},{"taxonomy":"post_tag","embeddable":true,"href":"https:\/\/zonalimitrofe-cbnr.com\/index.php\/wp-json\/wp\/v2\/tags?post=9820"}],"curies":[{"name":"wp","href":"https:\/\/api.w.org\/{rel}","templated":true}]}}