{"id":9796,"date":"2024-09-17T16:24:09","date_gmt":"2024-09-17T22:24:09","guid":{"rendered":"https:\/\/zonalimitrofe-cbnr.com\/?p=9796"},"modified":"2024-09-17T16:24:10","modified_gmt":"2024-09-17T22:24:10","slug":"lerdo-este-jueves-habra-simulacro-de-incendio-en-presidencia-de-lerdo","status":"publish","type":"post","link":"https:\/\/zonalimitrofe-cbnr.com\/index.php\/2024\/09\/17\/lerdo-este-jueves-habra-simulacro-de-incendio-en-presidencia-de-lerdo\/","title":{"rendered":"#Lerdo. ESTE JUEVES HABR\u00c1 SIMULACRO DE INCENDIO EN PRESIDENCIA DE LERDO"},"content":{"rendered":"\n<p>Lerdo, 17 de septiembre 2024.- Por indicaciones del Alcalde Homero Mart\u00ednez Cabrera, la Coordinadora de Protecci\u00f3n Civil, Isabel Mac\u00edas Sifuentes, inform\u00f3 que el pr\u00f3ximo jueves 19 de septiembre, se llevar\u00e1 a cabo un simulacro de incendio en la Presidencia Municipal, esto con el objetivo de sumar al Ayuntamiento de Lerdo en el Simulacro Nacional.<\/p>\n\n\n\n<p>La funcionaria precis\u00f3 que ser\u00e1 en punto de las 11:00 horas del d\u00eda jueves 19 de septiembre, que se suscitar\u00e1 la hip\u00f3tesis de un incendio en el \u00e1rea de Tesorer\u00eda de la Presidencia Municipal, lo que activar\u00e1 la alarma de emergencia y por consiguiente la evacuaci\u00f3n de todo el personal al interior de la misma.<\/p>\n\n\n\n<p>Para ello, en d\u00edas pasados, se llev\u00f3 a cabo una capacitaci\u00f3n en rescate, reacci\u00f3n de emergencias y uso de extintores al personal, lo que permitir\u00e1 tener a primeros respondientes en cada una de las dependencias, y reaccionar ante cualquier situaci\u00f3n.<\/p>\n\n\n\n<p>A\u00f1adi\u00f3 que hasta el momento se cuenta con un registro a trav\u00e9s de la plataforma nacional de 22 empresas e instituciones, tanto educativas como bancarias, que participar\u00e1n en este simulacro nacional, de entre ellas se destacan: Instituto Vasco de Quiroga, TEC de Lerdo, Bodega Aurrera, Sams Club, Hospital ISSSTE, Soriana Mercado, CFE y Caja Popular Mexicana, exhortando a los ciudadanos que acudan a estos establecimientos, participar y colaborar en el simulacro.<\/p>\n","protected":false},"excerpt":{"rendered":"<p>Lerdo, 17 de septiembre 2024.- Por indicaciones del Alcalde Homero Mart\u00ednez Cabrera, la Coordinadora de Protecci\u00f3n Civil, Isabel Mac\u00edas Sifuentes, inform\u00f3 que el pr\u00f3ximo jueves 19 de septiembre, se llevar\u00e1 a cabo un simulacro de incendio en la Presidencia Municipal, esto con el objetivo de sumar al Ayuntamiento de Lerdo en el Simulacro Nacional. La [&hellip;]<\/p>\n","protected":false},"author":1,"featured_media":9797,"comment_status":"open","ping_status":"open","sticky":false,"template":"","format":"standard","meta":{"_monsterinsights_skip_tracking":false,"_monsterinsights_sitenote_active":false,"_monsterinsights_sitenote_note":"","_monsterinsights_sitenote_category":0,"footnotes":""},"categories":[1],"tags":[],"_links":{"self":[{"href":"https:\/\/zonalimitrofe-cbnr.com\/index.php\/wp-json\/wp\/v2\/posts\/9796"}],"collection":[{"href":"https:\/\/zonalimitrofe-cbnr.com\/index.php\/wp-json\/wp\/v2\/posts"}],"about":[{"href":"https:\/\/zonalimitrofe-cbnr.com\/index.php\/wp-json\/wp\/v2\/types\/post"}],"author":[{"embeddable":true,"href":"https:\/\/zonalimitrofe-cbnr.com\/index.php\/wp-json\/wp\/v2\/users\/1"}],"replies":[{"embeddable":true,"href":"https:\/\/zonalimitrofe-cbnr.com\/index.php\/wp-json\/wp\/v2\/comments?post=9796"}],"version-history":[{"count":1,"href":"https:\/\/zonalimitrofe-cbnr.com\/index.php\/wp-json\/wp\/v2\/posts\/9796\/revisions"}],"predecessor-version":[{"id":9798,"href":"https:\/\/zonalimitrofe-cbnr.com\/index.php\/wp-json\/wp\/v2\/posts\/9796\/revisions\/9798"}],"wp:featuredmedia":[{"embeddable":true,"href":"https:\/\/zonalimitrofe-cbnr.com\/index.php\/wp-json\/wp\/v2\/media\/9797"}],"wp:attachment":[{"href":"https:\/\/zonalimitrofe-cbnr.com\/index.php\/wp-json\/wp\/v2\/media?parent=9796"}],"wp:term":[{"taxonomy":"category","embeddable":true,"href":"https:\/\/zonalimitrofe-cbnr.com\/index.php\/wp-json\/wp\/v2\/categories?post=9796"},{"taxonomy":"post_tag","embeddable":true,"href":"https:\/\/zonalimitrofe-cbnr.com\/index.php\/wp-json\/wp\/v2\/tags?post=9796"}],"curies":[{"name":"wp","href":"https:\/\/api.w.org\/{rel}","templated":true}]}}