{"id":9784,"date":"2024-09-17T13:42:18","date_gmt":"2024-09-17T19:42:18","guid":{"rendered":"https:\/\/zonalimitrofe-cbnr.com\/?p=9784"},"modified":"2024-09-17T13:42:18","modified_gmt":"2024-09-17T19:42:18","slug":"torreon-roman-alberto-cepeda-gonzalez-arranca-la-segunda-etapa-de-obras-sociales-en-la-upn","status":"publish","type":"post","link":"https:\/\/zonalimitrofe-cbnr.com\/index.php\/2024\/09\/17\/torreon-roman-alberto-cepeda-gonzalez-arranca-la-segunda-etapa-de-obras-sociales-en-la-upn\/","title":{"rendered":"#Torre\u00f3n. Rom\u00e1n Alberto Cepeda Gonz\u00e1lez arranca la segunda etapa de obras sociales en la UPN\u00a0"},"content":{"rendered":"\n<p>Torre\u00f3n, Coahuila. A 17 de septiembre de 2024.<\/p>\n\n\n\n<p>El alcalde Rom\u00e1n Alberto Cepeda Gonz\u00e1lez, presidi\u00f3 el arranque de la segunda etapa de obras sociales en la Universidad Pedag\u00f3gica Nacional (UPN), acompa\u00f1ado del secretario de Desarrollo Regional en La Laguna, Eduardo Olmos Castro, autoridades educativas y estatales.<\/p>\n\n\n\n<p>Las obras representan una inversi\u00f3n superior a los 3 millones de pesos, con el objetivo de mejorar la infraestructura de la instituci\u00f3n educativa.<br>&nbsp;<br>El Presidente Municipal destac\u00f3 el impacto de este tipo de obras en la educaci\u00f3n de los j\u00f3venes, y reiter\u00f3 el compromiso de su Gobierno por apoyar al sector estudiantil y a los docentes.<br>&nbsp;<br>\u201cEsta obra que beneficiar\u00e1 a m\u00e1s de 230 alumnos y a todo el personal docente, deja en claro el compromiso de que cada quien est\u00e1 haciendo lo que le corresponde. Tenemos hoy pr\u00e1cticamente 2 a\u00f1os 9 meses tratando de construir un mejor Torre\u00f3n\u201d, se\u00f1al\u00f3 el edil.<br>&nbsp;<br>Dijo que Seguridad y Orden es el principal eje de su Gobierno, adem\u00e1s de Competitividad y fortalecimiento econ\u00f3mico.<br>&nbsp;<br>\u201cEn el sector educativo, donde emergen las nuevas generaciones, el poder mejorar la infraestructura tiene que ver con compromiso, con valores, con construir una sociedad m\u00e1s justa y m\u00e1s equitativa\u201d.<br>&nbsp;<br>El Alcalde reiter\u00f3 su compromiso con los alumnos de la instituci\u00f3n educativa, de continuar trabajando por la seguridad para que puedan seguir estudiando en un ambiente tranquilo, as\u00ed como en generar las condiciones para que encuentren mejores oportunidades laborales al t\u00e9rmino de su carrera.<br>&nbsp;<br>\u201cSeguiremos haciendo lo que nos corresponde por mantener a Torre\u00f3n seguro, para que la gente que va a educarse lo hagan con tranquilidad, para que los que van a dar clases, los que van al trabajo o a buscar trabajo, lo hagan con tranquilidad. Desde la trinchera que nos corresponde, la educaci\u00f3n, la seguridad, el empleo, el generar d\u00eda a d\u00eda una mejor infraestructura para tener una sociedad m\u00e1s comprometida, m\u00e1s justa, m\u00e1s educada y m\u00e1s equitativa, siempre ser\u00e1 mi objetivo de este Gobierno y del que empieza el uno de enero de 2025\u201d, se\u00f1al\u00f3.<br>&nbsp;<br>Adem\u00e1s, Cepeda Gonz\u00e1lez felicit\u00f3 al Gobernador Manolo Jim\u00e9nez, por seguir haciendo obras por Torre\u00f3n.<br>&nbsp;<br>Eduardo Olmos Castro, secretario de Desarrollo Regional en La Laguna, en representaci\u00f3n del Gobernador del Estado de Coahuila, Manolo Jim\u00e9nez Salinas, agradeci\u00f3 al Alcalde por la sinergia en la que el Estado y el Municipio han estado trabajando a favor de la educaci\u00f3n de los coahuilenses.<br>&nbsp;<br>\u201cEstamos arrancando esta importante obra que fue una petici\u00f3n directa al Gobernador, de infraestructura necesaria para esta instituci\u00f3n donde desde hace muchos a\u00f1os no hab\u00eda una remodelaci\u00f3n\u201d, coment\u00f3.<br>&nbsp;<br>Jorge Abdala Serna, subsecretario de Infraestructura, Movilidad y Transporte, detall\u00f3 que se har\u00e1n trabajos de reparaci\u00f3n de servicios sanitarios, red el\u00e9ctrica sanitaria e hidr\u00e1ulica; sustituci\u00f3n de piso en la explanada y andadores y adecuaci\u00f3n del centro de c\u00f3mputo en el \u00e1rea de biblioteca.<br>&nbsp;<br>Las obras son por el orden de 3 millones 164 mil pesos, y un tiempo de ejecuci\u00f3n de tres meses.<br>&nbsp;<br>\u201cUna de las preocupaciones m\u00e1s importantes del Gobierno del Estado de Coahuila es la educaci\u00f3n en todos sus rubros, garantizar espacios \u00f3ptimos de calidad para los procesos de ense\u00f1anza es un objetivo inaplazable para el gobernador. Este arranque de obra beneficiar\u00e1 a 236 alumnos\u201d, mencion\u00f3 el funcionario estatal.<br>&nbsp;<br>Por su parte, Mar\u00eda Elena Valdez Mena, directora de la Universidad Pedag\u00f3gica Nacional en Torre\u00f3n, agradeci\u00f3 a nombre de la comunidad estudiantil, maestros directivos, administrativos y de apoyo, por la importante obra.<br>&nbsp;&nbsp;<br>Estuvieron tambi\u00e9n presentes Ver\u00f3nica Mart\u00ednez Garc\u00eda, diputada federal; David Flores Lavenant, subsecretario de Atenci\u00f3n Ciudadana de la Secretar\u00eda de Desarrollo Regional de La Laguna; Flor Renter\u00eda Medina, coordinadora de Servicios Educativos en la Regi\u00f3n Laguna; Jos\u00e9 In\u00e9s S\u00e1nchez Aguilar, coordinador operativo de Mejora; Napole\u00f3n Murillo Favela, coordinador de Programas Mejora; y Ruth Quezada Tapia, alumna.<\/p>\n","protected":false},"excerpt":{"rendered":"<p>Torre\u00f3n, Coahuila. A 17 de septiembre de 2024. El alcalde Rom\u00e1n Alberto Cepeda Gonz\u00e1lez, presidi\u00f3 el arranque de la segunda etapa de obras sociales en la Universidad Pedag\u00f3gica Nacional (UPN), acompa\u00f1ado del secretario de Desarrollo Regional en La Laguna, Eduardo Olmos Castro, autoridades educativas y estatales. Las obras representan una inversi\u00f3n superior a los 3 [&hellip;]<\/p>\n","protected":false},"author":1,"featured_media":9785,"comment_status":"open","ping_status":"open","sticky":false,"template":"","format":"standard","meta":{"_monsterinsights_skip_tracking":false,"_monsterinsights_sitenote_active":false,"_monsterinsights_sitenote_note":"","_monsterinsights_sitenote_category":0,"footnotes":""},"categories":[1],"tags":[],"_links":{"self":[{"href":"https:\/\/zonalimitrofe-cbnr.com\/index.php\/wp-json\/wp\/v2\/posts\/9784"}],"collection":[{"href":"https:\/\/zonalimitrofe-cbnr.com\/index.php\/wp-json\/wp\/v2\/posts"}],"about":[{"href":"https:\/\/zonalimitrofe-cbnr.com\/index.php\/wp-json\/wp\/v2\/types\/post"}],"author":[{"embeddable":true,"href":"https:\/\/zonalimitrofe-cbnr.com\/index.php\/wp-json\/wp\/v2\/users\/1"}],"replies":[{"embeddable":true,"href":"https:\/\/zonalimitrofe-cbnr.com\/index.php\/wp-json\/wp\/v2\/comments?post=9784"}],"version-history":[{"count":1,"href":"https:\/\/zonalimitrofe-cbnr.com\/index.php\/wp-json\/wp\/v2\/posts\/9784\/revisions"}],"predecessor-version":[{"id":9786,"href":"https:\/\/zonalimitrofe-cbnr.com\/index.php\/wp-json\/wp\/v2\/posts\/9784\/revisions\/9786"}],"wp:featuredmedia":[{"embeddable":true,"href":"https:\/\/zonalimitrofe-cbnr.com\/index.php\/wp-json\/wp\/v2\/media\/9785"}],"wp:attachment":[{"href":"https:\/\/zonalimitrofe-cbnr.com\/index.php\/wp-json\/wp\/v2\/media?parent=9784"}],"wp:term":[{"taxonomy":"category","embeddable":true,"href":"https:\/\/zonalimitrofe-cbnr.com\/index.php\/wp-json\/wp\/v2\/categories?post=9784"},{"taxonomy":"post_tag","embeddable":true,"href":"https:\/\/zonalimitrofe-cbnr.com\/index.php\/wp-json\/wp\/v2\/tags?post=9784"}],"curies":[{"name":"wp","href":"https:\/\/api.w.org\/{rel}","templated":true}]}}