{"id":9778,"date":"2024-09-17T13:34:56","date_gmt":"2024-09-17T19:34:56","guid":{"rendered":"https:\/\/zonalimitrofe-cbnr.com\/?p=9778"},"modified":"2024-09-17T13:34:57","modified_gmt":"2024-09-17T19:34:57","slug":"durango-ya-hay-acercamiento-del-gobierno-de-esteban-con-equipo-de-sheinbaum-para-impulsar-el-desarrollo-economico-del-pais","status":"publish","type":"post","link":"https:\/\/zonalimitrofe-cbnr.com\/index.php\/2024\/09\/17\/durango-ya-hay-acercamiento-del-gobierno-de-esteban-con-equipo-de-sheinbaum-para-impulsar-el-desarrollo-economico-del-pais\/","title":{"rendered":"#Durango. Ya hay acercamiento del Gobierno de Esteban con equipo de Sheinbaum para impulsar el desarrollo econ\u00f3mico del pa\u00eds*"},"content":{"rendered":"\n<ul>\n<li><em>El secretario de Desarrollo Econ\u00f3mico de Durango, Fernando Rosas Palafox se reuni\u00f3 con Marcelo Ebrard quien ser\u00e1 el nuevo Secretario de Econom\u00eda.<\/em><\/li>\n<\/ul>\n\n\n\n<p><em>Ciudad de M\u00e9xico<\/em> En representaci\u00f3n del gobernador Esteban Villegas Villarreal, el titular de la Secretar\u00eda de Desarrollo Econ\u00f3mico (Sedeco), Fernando Rosas Palafox, particip\u00f3 en una reuni\u00f3n de trabajo con Marcelo Ebrard, quien ha sido designado por la presidenta electa Claudia Sheinbaum como el pr\u00f3ximo Secretario de Econom\u00eda del Gobierno Federal.<\/p>\n\n\n\n<p>La reuni\u00f3n, organizada por la Asociaci\u00f3n Mexicana de Secretarios de Desarrollo Econ\u00f3mico (AMSDE), reuni\u00f3 a los titulares de las \u00e1reas econ\u00f3micas de diversas entidades federativas.<\/p>\n\n\n\n<p>Durante el encuentro, se discutieron temas clave sobre la cartera de proyectos de inversi\u00f3n y la importancia de coordinar esfuerzos para impulsar el crecimiento econ\u00f3mico del pa\u00eds.<\/p>\n\n\n\n<p>A decir del funcionario, la reuni\u00f3n result\u00f3 ser productiva, ya que se reafirm\u00f3 una visi\u00f3n compartida de progreso para promover el desarrollo econ\u00f3mico a nivel nacional donde Durango forma parte fundamental.<\/p>\n\n\n\n<p>En el marco de la Asamblea Ordinaria de la AMSDE, tambi\u00e9n se coincidi\u00f3 en la importancia de colaborar entre las entidades federativas y el gobierno federal para fortalecer los esfuerzos y alcanzar objetivos comunes en un marco de colaboraci\u00f3n institucional.<\/p>\n","protected":false},"excerpt":{"rendered":"<p>Ciudad de M\u00e9xico En representaci\u00f3n del gobernador Esteban Villegas Villarreal, el titular de la Secretar\u00eda de Desarrollo Econ\u00f3mico (Sedeco), Fernando Rosas Palafox, particip\u00f3 en una reuni\u00f3n de trabajo con Marcelo Ebrard, quien ha sido designado por la presidenta electa Claudia Sheinbaum como el pr\u00f3ximo Secretario de Econom\u00eda del Gobierno Federal. La reuni\u00f3n, organizada por la [&hellip;]<\/p>\n","protected":false},"author":1,"featured_media":9779,"comment_status":"open","ping_status":"open","sticky":false,"template":"","format":"standard","meta":{"_monsterinsights_skip_tracking":false,"_monsterinsights_sitenote_active":false,"_monsterinsights_sitenote_note":"","_monsterinsights_sitenote_category":0,"footnotes":""},"categories":[1],"tags":[],"_links":{"self":[{"href":"https:\/\/zonalimitrofe-cbnr.com\/index.php\/wp-json\/wp\/v2\/posts\/9778"}],"collection":[{"href":"https:\/\/zonalimitrofe-cbnr.com\/index.php\/wp-json\/wp\/v2\/posts"}],"about":[{"href":"https:\/\/zonalimitrofe-cbnr.com\/index.php\/wp-json\/wp\/v2\/types\/post"}],"author":[{"embeddable":true,"href":"https:\/\/zonalimitrofe-cbnr.com\/index.php\/wp-json\/wp\/v2\/users\/1"}],"replies":[{"embeddable":true,"href":"https:\/\/zonalimitrofe-cbnr.com\/index.php\/wp-json\/wp\/v2\/comments?post=9778"}],"version-history":[{"count":1,"href":"https:\/\/zonalimitrofe-cbnr.com\/index.php\/wp-json\/wp\/v2\/posts\/9778\/revisions"}],"predecessor-version":[{"id":9780,"href":"https:\/\/zonalimitrofe-cbnr.com\/index.php\/wp-json\/wp\/v2\/posts\/9778\/revisions\/9780"}],"wp:featuredmedia":[{"embeddable":true,"href":"https:\/\/zonalimitrofe-cbnr.com\/index.php\/wp-json\/wp\/v2\/media\/9779"}],"wp:attachment":[{"href":"https:\/\/zonalimitrofe-cbnr.com\/index.php\/wp-json\/wp\/v2\/media?parent=9778"}],"wp:term":[{"taxonomy":"category","embeddable":true,"href":"https:\/\/zonalimitrofe-cbnr.com\/index.php\/wp-json\/wp\/v2\/categories?post=9778"},{"taxonomy":"post_tag","embeddable":true,"href":"https:\/\/zonalimitrofe-cbnr.com\/index.php\/wp-json\/wp\/v2\/tags?post=9778"}],"curies":[{"name":"wp","href":"https:\/\/api.w.org\/{rel}","templated":true}]}}