{"id":9691,"date":"2024-09-14T15:34:19","date_gmt":"2024-09-14T21:34:19","guid":{"rendered":"https:\/\/zonalimitrofe-cbnr.com\/?p=9691"},"modified":"2024-09-14T15:34:20","modified_gmt":"2024-09-14T21:34:20","slug":"torreon-listos-los-operativos-de-seguridad-vial-para-celebraciones-del-15-y-16de-septiembre","status":"publish","type":"post","link":"https:\/\/zonalimitrofe-cbnr.com\/index.php\/2024\/09\/14\/torreon-listos-los-operativos-de-seguridad-vial-para-celebraciones-del-15-y-16de-septiembre\/","title":{"rendered":"#Torre\u00f3n. Listos los operativos de Seguridad Vial para celebraciones del 15 y 16de septiembre"},"content":{"rendered":"\n<p><strong>\u00a0Torre\u00f3n, Coahuila a 14 de septiembre de 2024.-<\/strong>  La Direcci\u00f3n de Tr\u00e1nsito y Vialidad dio a conocer los operativos especiales para los d\u00edas 15 y 16 de septiembre, que se pondr\u00e1n en marcha en la ciudad, con motivo de los eventos por los festejos patrios. Luis Alberto Morales Cort\u00e9s, director de Vialidad y Movilidad Urbana de Torre\u00f3n, se\u00f1al\u00f3 que el objetivo es el garantizar la seguridad y el flujo vehicular alrededor de la Plaza Mayor, donde se generar\u00e1n los eventos programados para la noche de la celebraci\u00f3n del Grito de Independencia, como para el desfile del lunes 16 de septiembre. Dijo que el 15 de septiembre iniciar\u00e1 el primer cierre de calles a partir de las 10:00 horas. \u00a0 Explic\u00f3 que a los alrededores de la Plaza Mayor, se har\u00e1 un primer corte a la circulaci\u00f3n de la calle Allende a la avenida Ju\u00e1rez, y de la calle Leona Vicario a la Jim\u00e9nez. Esto a partir de las 10 de la ma\u00f1ana, considerando que al ser domingo no hay mucho flujo vehicular. En un segundo corte a la vialidad, a las 16:00 horas, se cerrar\u00e1 de la avenida Abasolo hasta la calle Hidalgo, y de la calle Javier Mina a Idelfonso Fuentes.<br>Para este esquema participar\u00e1n 80 elementos de Vialidad, con la disponibilidad de patrullas, motos y pedestres. Por otro lado, para el d\u00eda del desfile del 16 de septiembre, el director inform\u00f3 que se dispondr\u00e1 de 100 elementos de Vialidad, quienes resguardar\u00e1n el circuito Alameda, desde la calle Gonz\u00e1lez Ortega hasta la calle Valdez Carrillo. Tambi\u00e9n en la Valdez Carrillo, desde la calle Allende hasta la avenida Ju\u00e1rez, y en la Ju\u00e1rez, desde la Zaragoza hasta la calzada Col\u00f3n. Morales Cort\u00e9s indic\u00f3 que los desv\u00edos vehiculares podr\u00e1n realizarse sobre la calzada Col\u00f3n, as\u00ed como sobre la calle Abasolo, siendo que estas vialidades estar\u00e1n totalmente abiertas a la circulaci\u00f3n, el d\u00eda del desfile. El director pidi\u00f3 a la ciudadan\u00eda comprensi\u00f3n ante estos cierres que se realizan para salvaguardar la integridad de quienes asisten tanto al festejo del Grito de Independencia, como al desfile conmemorativo a esta fecha, por lo que, aunque son d\u00edas con baja afluencia vehicular, hizo un llamado a quienes circulen por la ciudad para que tomen sus precauciones. As\u00ed mismo recomend\u00f3 salir con tiempo de casa, revisar rutas alternas, conducir con precauci\u00f3n y respeto al peat\u00f3n, adem\u00e1s de atender a las indicaciones de los agentes de Tr\u00e1nsito.<\/p>\n","protected":false},"excerpt":{"rendered":"<p>\u00a0Torre\u00f3n, Coahuila a 14 de septiembre de 2024.- La Direcci\u00f3n de Tr\u00e1nsito y Vialidad dio a conocer los operativos especiales para los d\u00edas 15 y 16 de septiembre, que se pondr\u00e1n en marcha en la ciudad, con motivo de los eventos por los festejos patrios. Luis Alberto Morales Cort\u00e9s, director de Vialidad y Movilidad Urbana [&hellip;]<\/p>\n","protected":false},"author":1,"featured_media":9692,"comment_status":"open","ping_status":"open","sticky":false,"template":"","format":"standard","meta":{"_monsterinsights_skip_tracking":false,"_monsterinsights_sitenote_active":false,"_monsterinsights_sitenote_note":"","_monsterinsights_sitenote_category":0,"footnotes":""},"categories":[1],"tags":[],"_links":{"self":[{"href":"https:\/\/zonalimitrofe-cbnr.com\/index.php\/wp-json\/wp\/v2\/posts\/9691"}],"collection":[{"href":"https:\/\/zonalimitrofe-cbnr.com\/index.php\/wp-json\/wp\/v2\/posts"}],"about":[{"href":"https:\/\/zonalimitrofe-cbnr.com\/index.php\/wp-json\/wp\/v2\/types\/post"}],"author":[{"embeddable":true,"href":"https:\/\/zonalimitrofe-cbnr.com\/index.php\/wp-json\/wp\/v2\/users\/1"}],"replies":[{"embeddable":true,"href":"https:\/\/zonalimitrofe-cbnr.com\/index.php\/wp-json\/wp\/v2\/comments?post=9691"}],"version-history":[{"count":1,"href":"https:\/\/zonalimitrofe-cbnr.com\/index.php\/wp-json\/wp\/v2\/posts\/9691\/revisions"}],"predecessor-version":[{"id":9693,"href":"https:\/\/zonalimitrofe-cbnr.com\/index.php\/wp-json\/wp\/v2\/posts\/9691\/revisions\/9693"}],"wp:featuredmedia":[{"embeddable":true,"href":"https:\/\/zonalimitrofe-cbnr.com\/index.php\/wp-json\/wp\/v2\/media\/9692"}],"wp:attachment":[{"href":"https:\/\/zonalimitrofe-cbnr.com\/index.php\/wp-json\/wp\/v2\/media?parent=9691"}],"wp:term":[{"taxonomy":"category","embeddable":true,"href":"https:\/\/zonalimitrofe-cbnr.com\/index.php\/wp-json\/wp\/v2\/categories?post=9691"},{"taxonomy":"post_tag","embeddable":true,"href":"https:\/\/zonalimitrofe-cbnr.com\/index.php\/wp-json\/wp\/v2\/tags?post=9691"}],"curies":[{"name":"wp","href":"https:\/\/api.w.org\/{rel}","templated":true}]}}