{"id":9685,"date":"2024-09-14T15:21:49","date_gmt":"2024-09-14T21:21:49","guid":{"rendered":"https:\/\/zonalimitrofe-cbnr.com\/?p=9685"},"modified":"2024-09-14T15:21:49","modified_gmt":"2024-09-14T21:21:49","slug":"gp-la-presidencia-municipal-de-gomez-palacio-cerrara-este-lunes-16-de-septiembre","status":"publish","type":"post","link":"https:\/\/zonalimitrofe-cbnr.com\/index.php\/2024\/09\/14\/gp-la-presidencia-municipal-de-gomez-palacio-cerrara-este-lunes-16-de-septiembre\/","title":{"rendered":"#GP. La Presidencia Municipal de G\u00f3mez Palacio cerrar\u00e1 este lunes 16 de septiembre"},"content":{"rendered":"\n<p>Este pr\u00f3ximo lunes 16 de septiembre, las oficinas de la Presidencia Municipal de G\u00f3mez Palacio permanecer\u00e1n cerradas al ser d\u00eda de asueto, en conmemoraci\u00f3n del D\u00eda de la Independencia de M\u00e9xico.<\/p>\n\n\n\n<p>Se informa a los ciudadanos que tengan tr\u00e1mites pendientes en alguna dependencia municipal, los realicen a partir del martes 17 de septiembre, en el horario habitual de 08:00 a 16:00 horas.<\/p>\n\n\n\n<p>La Presidenta Municipal, Leticia Herrera Ale, ha instruido a las dependencias responsables de la seguridad p\u00fablica a intensificar la vigilancia durante este periodo festivo, especialmente en eventos con alta afluencia de ciudadanos, como la celebraci\u00f3n del Grito de Independencia en la Explanada de la Presidencia el 15 de septiembre y durante el desfile del d\u00eda 16, con el objetivo de prevenir cualquier incidente.<\/p>\n\n\n\n<p>Santiago Rodr\u00edguez Ch\u00e1vez, titular de Protecci\u00f3n Civil de G\u00f3mez Palacio, hace un llamado a los padres de familia para que tomen medidas extraordinarias de precauci\u00f3n con sus hijos durante las festividades organizadas por el Ayuntamiento para conmemorar la Independencia de M\u00e9xico.<\/p>\n\n\n\n<p>Las entidades que participar\u00e1n en los operativos de seguridad incluyen a Protecci\u00f3n Civil, Seguridad P\u00fablica, Tr\u00e1nsito y Vialidad, trabajando en coordinaci\u00f3n con la Polic\u00eda del Estado, Mando Especial de La Laguna, la Guardia Nacional y el 72 Batall\u00f3n de Infanter\u00eda.<\/p>\n","protected":false},"excerpt":{"rendered":"<p>Este pr\u00f3ximo lunes 16 de septiembre, las oficinas de la Presidencia Municipal de G\u00f3mez Palacio permanecer\u00e1n cerradas al ser d\u00eda de asueto, en conmemoraci\u00f3n del D\u00eda de la Independencia de M\u00e9xico. Se informa a los ciudadanos que tengan tr\u00e1mites pendientes en alguna dependencia municipal, los realicen a partir del martes 17 de septiembre, en el [&hellip;]<\/p>\n","protected":false},"author":1,"featured_media":9686,"comment_status":"open","ping_status":"open","sticky":false,"template":"","format":"standard","meta":{"_monsterinsights_skip_tracking":false,"_monsterinsights_sitenote_active":false,"_monsterinsights_sitenote_note":"","_monsterinsights_sitenote_category":0,"footnotes":""},"categories":[1],"tags":[],"_links":{"self":[{"href":"https:\/\/zonalimitrofe-cbnr.com\/index.php\/wp-json\/wp\/v2\/posts\/9685"}],"collection":[{"href":"https:\/\/zonalimitrofe-cbnr.com\/index.php\/wp-json\/wp\/v2\/posts"}],"about":[{"href":"https:\/\/zonalimitrofe-cbnr.com\/index.php\/wp-json\/wp\/v2\/types\/post"}],"author":[{"embeddable":true,"href":"https:\/\/zonalimitrofe-cbnr.com\/index.php\/wp-json\/wp\/v2\/users\/1"}],"replies":[{"embeddable":true,"href":"https:\/\/zonalimitrofe-cbnr.com\/index.php\/wp-json\/wp\/v2\/comments?post=9685"}],"version-history":[{"count":1,"href":"https:\/\/zonalimitrofe-cbnr.com\/index.php\/wp-json\/wp\/v2\/posts\/9685\/revisions"}],"predecessor-version":[{"id":9687,"href":"https:\/\/zonalimitrofe-cbnr.com\/index.php\/wp-json\/wp\/v2\/posts\/9685\/revisions\/9687"}],"wp:featuredmedia":[{"embeddable":true,"href":"https:\/\/zonalimitrofe-cbnr.com\/index.php\/wp-json\/wp\/v2\/media\/9686"}],"wp:attachment":[{"href":"https:\/\/zonalimitrofe-cbnr.com\/index.php\/wp-json\/wp\/v2\/media?parent=9685"}],"wp:term":[{"taxonomy":"category","embeddable":true,"href":"https:\/\/zonalimitrofe-cbnr.com\/index.php\/wp-json\/wp\/v2\/categories?post=9685"},{"taxonomy":"post_tag","embeddable":true,"href":"https:\/\/zonalimitrofe-cbnr.com\/index.php\/wp-json\/wp\/v2\/tags?post=9685"}],"curies":[{"name":"wp","href":"https:\/\/api.w.org\/{rel}","templated":true}]}}