{"id":9670,"date":"2024-09-14T14:58:40","date_gmt":"2024-09-14T20:58:40","guid":{"rendered":"https:\/\/zonalimitrofe-cbnr.com\/?p=9670"},"modified":"2024-09-14T14:58:40","modified_gmt":"2024-09-14T20:58:40","slug":"lerdo-arte-y-cultura-celebra-homenaje-a-don-fernando-ibarra","status":"publish","type":"post","link":"https:\/\/zonalimitrofe-cbnr.com\/index.php\/2024\/09\/14\/lerdo-arte-y-cultura-celebra-homenaje-a-don-fernando-ibarra\/","title":{"rendered":"#Lerdo. ARTE Y CULTURA CELEBRA HOMENAJE A DON FERNANDO IBARRA"},"content":{"rendered":"\n<p>Lerdo, 14 de septiembre de 2024 &#8211; La Direcci\u00f3n de Arte y Cultura de Lerdo llev\u00f3 a cabo con \u00e9xito la segunda fecha de su evento \u201cCaf\u00e9 Cultural Casa Hintze\u201d, un esfuerzo por acercar temas culturales a la comunidad local. En esta ocasi\u00f3n, el evento rindi\u00f3 un emotivo homenaje a Don Fernando Ibarra Favela, una figura emblem\u00e1tica del mundo taurino.<\/p>\n\n\n\n<p>Don Fernando, conocido en el \u00e1mbito taurino como \u201cEl Matador\u201d, se destac\u00f3 no solo como novillero, sino tambi\u00e9n como pintor, cronista y poeta. Su pasi\u00f3n por el mundo de los toros ha dejado una huella indeleble, con su famoso clamor \u201cArr\u00e1ncame la vida\u201d resonando en la memoria de muchos. Aunque su sue\u00f1o de convertirse en figura del toreo no se concret\u00f3, ha compensado su a\u00f1oranza con una carrera multifac\u00e9tica que abarca la pintura, la poes\u00eda y la cr\u00f3nica, siempre con un enfoque en la tauromaquia.<\/p>\n\n\n\n<p>Durante el evento, Don Fernando Ibarra Favela comparti\u00f3 an\u00e9cdotas y recuerdos de su juventud, transportando a los asistentes a sus d\u00edas como joven ilusionado con convertirse en una figura destacada del toreo. La celebraci\u00f3n, adem\u00e1s de servir como un homenaje a su trayectoria, tambi\u00e9n permiti\u00f3 a los presentes apreciar su contribuci\u00f3n a la cultura taurina a trav\u00e9s de sus otras facetas art\u00edsticas.<\/p>\n\n\n\n<p>El \u201cCaf\u00e9 Cultural Casa Hintze\u201d, celebrado en las instalaciones de la Direcci\u00f3n de Arte y Cultura, se ha establecido como un espacio dedicado a la promoci\u00f3n y preservaci\u00f3n de las artes. Este proyecto refleja el compromiso del presidente municipal Homero Mart\u00ednez Cabrera y la Direcci\u00f3n de Arte y Cultura de Ciudad Lerdo de fomentar el aprecio y conocimiento de las tradiciones culturales entre los habitantes locales.<\/p>\n\n\n\n<p>A trav\u00e9s de eventos como el de hoy, la direcci\u00f3n municipal busca mantener vivas las tradiciones art\u00edsticas y ofrecer a los ciudadanos oportunidades para conectar con su patrimonio cultural. Este esfuerzo tiene como objetivo consolidar a Ciudad Lerdo como un referente en la celebraci\u00f3n y promoci\u00f3n de la cultura regional, asegurando que las ra\u00edces culturales contin\u00faen floreciendo en la comunidad.<\/p>\n","protected":false},"excerpt":{"rendered":"<p>Lerdo, 14 de septiembre de 2024 &#8211; La Direcci\u00f3n de Arte y Cultura de Lerdo llev\u00f3 a cabo con \u00e9xito la segunda fecha de su evento \u201cCaf\u00e9 Cultural Casa Hintze\u201d, un esfuerzo por acercar temas culturales a la comunidad local. En esta ocasi\u00f3n, el evento rindi\u00f3 un emotivo homenaje a Don Fernando Ibarra Favela, una [&hellip;]<\/p>\n","protected":false},"author":1,"featured_media":9671,"comment_status":"open","ping_status":"open","sticky":false,"template":"","format":"standard","meta":{"_monsterinsights_skip_tracking":false,"_monsterinsights_sitenote_active":false,"_monsterinsights_sitenote_note":"","_monsterinsights_sitenote_category":0,"footnotes":""},"categories":[1],"tags":[],"_links":{"self":[{"href":"https:\/\/zonalimitrofe-cbnr.com\/index.php\/wp-json\/wp\/v2\/posts\/9670"}],"collection":[{"href":"https:\/\/zonalimitrofe-cbnr.com\/index.php\/wp-json\/wp\/v2\/posts"}],"about":[{"href":"https:\/\/zonalimitrofe-cbnr.com\/index.php\/wp-json\/wp\/v2\/types\/post"}],"author":[{"embeddable":true,"href":"https:\/\/zonalimitrofe-cbnr.com\/index.php\/wp-json\/wp\/v2\/users\/1"}],"replies":[{"embeddable":true,"href":"https:\/\/zonalimitrofe-cbnr.com\/index.php\/wp-json\/wp\/v2\/comments?post=9670"}],"version-history":[{"count":1,"href":"https:\/\/zonalimitrofe-cbnr.com\/index.php\/wp-json\/wp\/v2\/posts\/9670\/revisions"}],"predecessor-version":[{"id":9672,"href":"https:\/\/zonalimitrofe-cbnr.com\/index.php\/wp-json\/wp\/v2\/posts\/9670\/revisions\/9672"}],"wp:featuredmedia":[{"embeddable":true,"href":"https:\/\/zonalimitrofe-cbnr.com\/index.php\/wp-json\/wp\/v2\/media\/9671"}],"wp:attachment":[{"href":"https:\/\/zonalimitrofe-cbnr.com\/index.php\/wp-json\/wp\/v2\/media?parent=9670"}],"wp:term":[{"taxonomy":"category","embeddable":true,"href":"https:\/\/zonalimitrofe-cbnr.com\/index.php\/wp-json\/wp\/v2\/categories?post=9670"},{"taxonomy":"post_tag","embeddable":true,"href":"https:\/\/zonalimitrofe-cbnr.com\/index.php\/wp-json\/wp\/v2\/tags?post=9670"}],"curies":[{"name":"wp","href":"https:\/\/api.w.org\/{rel}","templated":true}]}}