{"id":9655,"date":"2024-09-13T16:49:05","date_gmt":"2024-09-13T22:49:05","guid":{"rendered":"https:\/\/zonalimitrofe-cbnr.com\/?p=9655"},"modified":"2024-09-13T16:49:05","modified_gmt":"2024-09-13T22:49:05","slug":"congresocoahuila-presenta-stand-en-la-feria-del-libro","status":"publish","type":"post","link":"https:\/\/zonalimitrofe-cbnr.com\/index.php\/2024\/09\/13\/congresocoahuila-presenta-stand-en-la-feria-del-libro\/","title":{"rendered":"#CongresoCoahuila. Presenta stand en la Feria del Libro"},"content":{"rendered":"\n<p><strong>Saltillo, Coahuila a 13 de septiembre de 2024.- <\/strong>En el marco de su Bicentenario, el Congreso del Estado de Coahuila est\u00e1 participando en la 26\u00aa edici\u00f3n de la Feria Internacional del Libro Coahuila 2024 con un stand dedicado a sus 200 a\u00f1os, por lo cual los visitantes de este espacio podr\u00e1n conocer m\u00e1s sobre la funci\u00f3n del Poder Legislativo y de los diputados locales, admirar importantes documentos y fotograf\u00edas hist\u00f3ricas as\u00ed como la r\u00e9plica de una curul para tomarse la foto del recuerdo. La presidenta de la Junta de Gobierno, diputada Luz Elena Morales N\u00fa\u00f1ez, quien estuvo presente en la inauguraci\u00f3n de la Feria del Libro este viernes, invit\u00f3 a la ciudadan\u00eda para que visiten el stand del Congreso del 13 al 22 de septiembre en el Centro Cultural Universitario de la UA de C campus Arteaga. Por su parte, Alberto Cortines Boardman, director General de Documentaci\u00f3n e Informaci\u00f3n Legislativa del Congreso explic\u00f3 que con motivo del Bicentenario, este a\u00f1o el stand cuenta con dos vitrinas que exhiben la versi\u00f3n original del Decreto 1495 de la XXII Legislatura, en el que el Congreso desconoci\u00f3 al presidente Victoriano Huerta, y la Constituci\u00f3n Pol\u00edtica de 1918, pilares de la historia pol\u00edtica de la entidad. Asimismo, como parte de la celebraci\u00f3n del Bicentenario del Congreso del Estrado de Coahuila, en el programa de actividades de la fiesta de las letras se tendr\u00e1 la presentaci\u00f3n de dos libros los d\u00edas 18 y 19 de septiembre, uno de ellos es la \u201cEdici\u00f3n Conmemorativa de la Constituci\u00f3n Pol\u00edtica del Estado Libre de Coahuila y Tejas\u201d, as\u00ed como la \u201cMemoria del Bicentenario del Congreso de Coahuila\u201d donde se contar\u00e1 con la participaci\u00f3n de la diputada Luz Elena Morales e invitados especiales como el magistrado Miguel Felipe Mery Ayup, presidente del Tribunal Superior de Justicia del Estado de Coahuila; Jos\u00e9 Luis Trueba Lara, escritor e historiador, entre otros distinguidos invitados. Dicho espacio contar\u00e1 con la atenci\u00f3n amable del personal de la Biblioteca del Congreso y la Direcci\u00f3n General de Documentaci\u00f3n e Informaci\u00f3n Legislativa, por lo que se reitera a la ciudadan\u00eda la invitaci\u00f3n para que visiten este espacio en el marco del Bicentenario del Congreso del Estado de Coahuila.<\/p>\n","protected":false},"excerpt":{"rendered":"<p>Saltillo, Coahuila a 13 de septiembre de 2024.- En el marco de su Bicentenario, el Congreso del Estado de Coahuila est\u00e1 participando en la 26\u00aa edici\u00f3n de la Feria Internacional del Libro Coahuila 2024 con un stand dedicado a sus 200 a\u00f1os, por lo cual los visitantes de este espacio podr\u00e1n conocer m\u00e1s sobre la [&hellip;]<\/p>\n","protected":false},"author":1,"featured_media":9656,"comment_status":"open","ping_status":"open","sticky":false,"template":"","format":"standard","meta":{"_monsterinsights_skip_tracking":false,"_monsterinsights_sitenote_active":false,"_monsterinsights_sitenote_note":"","_monsterinsights_sitenote_category":0,"footnotes":""},"categories":[1],"tags":[],"_links":{"self":[{"href":"https:\/\/zonalimitrofe-cbnr.com\/index.php\/wp-json\/wp\/v2\/posts\/9655"}],"collection":[{"href":"https:\/\/zonalimitrofe-cbnr.com\/index.php\/wp-json\/wp\/v2\/posts"}],"about":[{"href":"https:\/\/zonalimitrofe-cbnr.com\/index.php\/wp-json\/wp\/v2\/types\/post"}],"author":[{"embeddable":true,"href":"https:\/\/zonalimitrofe-cbnr.com\/index.php\/wp-json\/wp\/v2\/users\/1"}],"replies":[{"embeddable":true,"href":"https:\/\/zonalimitrofe-cbnr.com\/index.php\/wp-json\/wp\/v2\/comments?post=9655"}],"version-history":[{"count":1,"href":"https:\/\/zonalimitrofe-cbnr.com\/index.php\/wp-json\/wp\/v2\/posts\/9655\/revisions"}],"predecessor-version":[{"id":9657,"href":"https:\/\/zonalimitrofe-cbnr.com\/index.php\/wp-json\/wp\/v2\/posts\/9655\/revisions\/9657"}],"wp:featuredmedia":[{"embeddable":true,"href":"https:\/\/zonalimitrofe-cbnr.com\/index.php\/wp-json\/wp\/v2\/media\/9656"}],"wp:attachment":[{"href":"https:\/\/zonalimitrofe-cbnr.com\/index.php\/wp-json\/wp\/v2\/media?parent=9655"}],"wp:term":[{"taxonomy":"category","embeddable":true,"href":"https:\/\/zonalimitrofe-cbnr.com\/index.php\/wp-json\/wp\/v2\/categories?post=9655"},{"taxonomy":"post_tag","embeddable":true,"href":"https:\/\/zonalimitrofe-cbnr.com\/index.php\/wp-json\/wp\/v2\/tags?post=9655"}],"curies":[{"name":"wp","href":"https:\/\/api.w.org\/{rel}","templated":true}]}}