{"id":9649,"date":"2024-09-13T16:41:38","date_gmt":"2024-09-13T22:41:38","guid":{"rendered":"https:\/\/zonalimitrofe-cbnr.com\/?p=9649"},"modified":"2024-09-13T16:41:38","modified_gmt":"2024-09-13T22:41:38","slug":"torreon-roman-alberto-cepeda-gonzalez-reconoce-a-ciudadania-distinguida-2024-durante-sesion-solemne-de-cabildo","status":"publish","type":"post","link":"https:\/\/zonalimitrofe-cbnr.com\/index.php\/2024\/09\/13\/torreon-roman-alberto-cepeda-gonzalez-reconoce-a-ciudadania-distinguida-2024-durante-sesion-solemne-de-cabildo\/","title":{"rendered":"#Torre\u00f3n. Rom\u00e1n Alberto Cepeda Gonz\u00e1lez reconoce a \u201cCiudadan\u00eda Distinguida 2024\u201d, durante Sesi\u00f3n Solemne de Cabildo\u00a0"},"content":{"rendered":"\n<p>Torre\u00f3n, Coahuila. A 13 de septiembre de 2024.<\/p>\n\n\n\n<p>Con motivo de las celebraciones del 117 aniversario de Torre\u00f3n como ciudad, y de las fiestas patrias, esta tarde se llev\u00f3 a cabo la ceremonia de entrega de preseas a la Ciudadan\u00eda Distinguida, dentro de la Octava Sesi\u00f3n Solemne del Cabildo, presidida por el alcalde Rom\u00e1n Alberto Cepeda Gonz\u00e1lez.<br>&nbsp;<br>El evento se llev\u00f3 a cabo en las instalaciones de la Plaza Pe\u00f1oles del Museo Arocena.<br>&nbsp;<br>El Presidente Municipal entreg\u00f3 un reconocimiento a quienes destacaron por sus altos m\u00e9ritos, trayectoria y aportaciones en beneficio de la sociedad, las ciencias, la literatura y el deporte.<br>&nbsp;<br>En su mensaje, el Alcalde destac\u00f3 la labor de los galardonados en cada campo que hoy se les reconoce.<br>&nbsp;<br>\u201cLa entrega de estas preseas es un reconocimiento de nuestra sociedad, al trabajo, talento, generosidad y humanismo de mujeres y hombres que marcan la diferencia en sus espacios de desarrollo. Este honor no solo resalta sus logros sino tambi\u00e9n su contribuci\u00f3n para hacer de nuestra comunidad un mejor lugar\u201d, se\u00f1al\u00f3 el edil.<br>&nbsp;<br>Dijo tambi\u00e9n que quienes reciben este reconocimiento, se unen a una ilustre tradici\u00f3n y forman parte de la historia de un municipio fuerte, construido con esmero, con pasi\u00f3n y con una voluntad inquebrantable.<br>&nbsp;<br>\u201cEste d\u00eda subrayamos la importancia de reconocer y valorar a quienes sobresalen y transforman, es en momentos como este cuando nos detenemos un instante y apreciamos la grandeza que emerge cuando las personas ponen el coraz\u00f3n y el alma en lo que hacen. Celebramos no solo el \u00e9xito individual, sino el poder de las acciones que inspiran, que construyen y que nos unen como sociedad\u201d, expres\u00f3.<br>&nbsp;<br>El Presidente Municipal agradeci\u00f3 a los galardonados a nombre de Torre\u00f3n, por ser una fuente de inspiraci\u00f3n, por elevar el nivel de excelencia y sobre todo por demostrar que s\u00ed se puede, que siempre se puede\u201d, destac\u00f3 Cepeda Gonz\u00e1lez.<br>&nbsp;<br>Rafael Rebollar Gonz\u00e1lez, en representaci\u00f3n de los galardonados, destac\u00f3 el compromiso y la convicci\u00f3n que los motiva para ejercer su labor.<br>&nbsp;<br>\u201cExpresar en forma sincera que ninguno de los hoy galardonados hemos hecho un m\u00e9rito especial para recibir este gran regalo para el alma, les puedo asegurar que lo que hicimos, es por convicci\u00f3n y compromiso con nosotros mismos, y por su puesto con los que nos rodean. Lo hacemos porque as\u00ed lo sentimos, porque as\u00ed fuimos educados, porque hemos visto el ejemplo de nuestros abuelos, padres y personas que nos inspiran, lo hacemos porque nos parece lo correcto\u201d, expres\u00f3.<br>&nbsp;<br>Por lo tanto, dijo, reciben el reconocimiento con humildad, alegr\u00eda y con un gran compromiso para continuar, mejorar y dar m\u00e1s, pero siempre sin esperar recibir.<br>&nbsp;<br>En ese sentido, la presea paca de oro, que se otorga a la ciudadana que haya destacado en actos de beneficencia social o al servicio de la comunidad, fue entregada en esta ocasi\u00f3n a Susana Dingler Guti\u00e9rrez, tanat\u00f3loga forense que ha trabajado en apoyo a familiares de v\u00edctimas.<br>&nbsp;<br>La medalla de oro, entregada al ciudadano que haya sobresalido en actos de beneficencia social o al servicio de la comunidad, fue para Rafael Rebollar Gonz\u00e1lez, que se ha vinculado a proyectos culturales y art\u00edsticos de la ciudad e impulsado museos locales.<br>&nbsp;<br>Adem\u00e1s, se entreg\u00f3 la medalla de oro post mortem, para el bi\u00f3logo Miguel \u00c1ngel Soto Arenas, por su carrera destacada en la bot\u00e1nica. Recibi\u00f3 la presea en su nombre, su hermana, Miriam Soto Arenas.<br>&nbsp;<br>En cuanto a la medalla Bulmaro Valdez Anaya, que se otorga a la persona eminente en labores cient\u00edficas, correspondi\u00f3 a Guillermo Siller Rodr\u00edguez, por su labor cient\u00edfica y compromiso con ciudad y la Academia.<br>&nbsp;<br>La medalla Magdalena Mondrag\u00f3n, que se destina a la persona destacada en labores art\u00edsticas, literarias o culturales, fue entregada este a\u00f1o a Ricardo Acosta Murgu\u00eda, pianista y compositor que ha destacado a nivel nacional e internacional. Presea que recibieron sus padres.<br>&nbsp;<br>El trofeo de cristal que se otorga a la persona destacada en el campo deportivo, fue para el equipo femenil de Football Flag Lobas de la Ibero, por dejar huella a nivel internacional.<br>&nbsp;<br>El trofeo de cristal para las personas con discapacidad, destinado a quien haya destacado en el campo deportivo, se entreg\u00f3 a Jos\u00e9 Reynaldo Alcorta Benavidez, \u201cNono\u201d, por ser inspiraci\u00f3n y ejemplo para otros torreonenses.<br>&nbsp;<br>El trofeo Oribe Peralta dirigido al m\u00e9rito ol\u00edmpico que se otorga a la persona que tenga una destacada participaci\u00f3n en algunos juegos ol\u00edmpicos o en sus versiones regionales o continentales, se entreg\u00f3 a Ana Sof\u00eda Flores Valdez, gimnasta r\u00edtmica ol\u00edmpica.<br>&nbsp;<br>El trofeo ni\u00f1os h\u00e9roes que se otorga a la persona menor de 18 a\u00f1os que destaque ya sea en una o varias disciplinas deportivas o que sobresalga por sus m\u00e9ritos sociales o acad\u00e9micos, fue para Tiffany Giselle Mu\u00f1oz Pasillas, por su labor en rob\u00f3tica.<br>&nbsp;<br>El trofeo ni\u00f1os h\u00e9roes con discapacidad fue para Oswaldo Puentes de Santiago, destac\u00f3 en torneos paranacionales.<br>&nbsp;<br>Adem\u00e1s, se hizo un reconocimiento especial a Laura Reyes Retana Ramos, por su invaluable labor social y distinguida trayectoria pol\u00edtica en beneficio de la ciudad de Torre\u00f3n. Fue recibido por su hijo, Diego Armend\u00e1riz.<br>&nbsp;<br>Una vez agotados los puntos del orden del d\u00eda, se dio por clausurada la Octava Sesi\u00f3n Solemne del Cabildo de Torre\u00f3n.<br>&nbsp;<\/p>\n","protected":false},"excerpt":{"rendered":"<p>Torre\u00f3n, Coahuila. A 13 de septiembre de 2024. Con motivo de las celebraciones del 117 aniversario de Torre\u00f3n como ciudad, y de las fiestas patrias, esta tarde se llev\u00f3 a cabo la ceremonia de entrega de preseas a la Ciudadan\u00eda Distinguida, dentro de la Octava Sesi\u00f3n Solemne del Cabildo, presidida por el alcalde Rom\u00e1n Alberto [&hellip;]<\/p>\n","protected":false},"author":1,"featured_media":9650,"comment_status":"open","ping_status":"open","sticky":false,"template":"","format":"standard","meta":{"_monsterinsights_skip_tracking":false,"_monsterinsights_sitenote_active":false,"_monsterinsights_sitenote_note":"","_monsterinsights_sitenote_category":0,"footnotes":""},"categories":[1],"tags":[],"_links":{"self":[{"href":"https:\/\/zonalimitrofe-cbnr.com\/index.php\/wp-json\/wp\/v2\/posts\/9649"}],"collection":[{"href":"https:\/\/zonalimitrofe-cbnr.com\/index.php\/wp-json\/wp\/v2\/posts"}],"about":[{"href":"https:\/\/zonalimitrofe-cbnr.com\/index.php\/wp-json\/wp\/v2\/types\/post"}],"author":[{"embeddable":true,"href":"https:\/\/zonalimitrofe-cbnr.com\/index.php\/wp-json\/wp\/v2\/users\/1"}],"replies":[{"embeddable":true,"href":"https:\/\/zonalimitrofe-cbnr.com\/index.php\/wp-json\/wp\/v2\/comments?post=9649"}],"version-history":[{"count":1,"href":"https:\/\/zonalimitrofe-cbnr.com\/index.php\/wp-json\/wp\/v2\/posts\/9649\/revisions"}],"predecessor-version":[{"id":9651,"href":"https:\/\/zonalimitrofe-cbnr.com\/index.php\/wp-json\/wp\/v2\/posts\/9649\/revisions\/9651"}],"wp:featuredmedia":[{"embeddable":true,"href":"https:\/\/zonalimitrofe-cbnr.com\/index.php\/wp-json\/wp\/v2\/media\/9650"}],"wp:attachment":[{"href":"https:\/\/zonalimitrofe-cbnr.com\/index.php\/wp-json\/wp\/v2\/media?parent=9649"}],"wp:term":[{"taxonomy":"category","embeddable":true,"href":"https:\/\/zonalimitrofe-cbnr.com\/index.php\/wp-json\/wp\/v2\/categories?post=9649"},{"taxonomy":"post_tag","embeddable":true,"href":"https:\/\/zonalimitrofe-cbnr.com\/index.php\/wp-json\/wp\/v2\/tags?post=9649"}],"curies":[{"name":"wp","href":"https:\/\/api.w.org\/{rel}","templated":true}]}}