{"id":9643,"date":"2024-09-13T16:36:33","date_gmt":"2024-09-13T22:36:33","guid":{"rendered":"https:\/\/zonalimitrofe-cbnr.com\/?p=9643"},"modified":"2024-09-13T16:36:33","modified_gmt":"2024-09-13T22:36:33","slug":"torreon-alcalde-mantendra-acciones-de-coordinacion-respeto-y-orden-con-el-estado-para-conservar-la-seguridad-en-torreon","status":"publish","type":"post","link":"https:\/\/zonalimitrofe-cbnr.com\/index.php\/2024\/09\/13\/torreon-alcalde-mantendra-acciones-de-coordinacion-respeto-y-orden-con-el-estado-para-conservar-la-seguridad-en-torreon\/","title":{"rendered":"#Torre\u00f3n. Alcalde mantendr\u00e1 acciones de coordinaci\u00f3n, respeto y orden con el Estado, para conservar la seguridad en Torre\u00f3n"},"content":{"rendered":"\n<p><strong>Torre\u00f3n, Coahuila. A 13 de septiembre de 2024. <\/strong>Durante la trig\u00e9sima sexta reuni\u00f3n semanal de seguridad, el alcalde Rom\u00e1n Alberto Cepeda Gonz\u00e1lez reiter\u00f3 que en su actual Administraci\u00f3n Municipal y la que inicie el pr\u00f3ximo 1 de enero de 2025, continuar\u00e1n las acciones de coordinaci\u00f3n, respeto y orden, con el Gobierno del Estado de Coahuila. Lo anterior a partir de la visita del secretario de seguridad en el Estado, Federico Fern\u00e1ndez Monta\u00f1ez, y del subsecretario de Operaci\u00f3n Policial de Coahuila, H\u00e9ctor Flores Rodr\u00edguez. \u201cTenga la certeza de que la coordinaci\u00f3n, el respeto y el orden, ser\u00e1n los par\u00e1metros que contin\u00faen en esta Administraci\u00f3n y la pr\u00f3xima que habremos de iniciar en enero de 2025. Adem\u00e1s, de la disposici\u00f3n tambi\u00e9n de recursos econ\u00f3micos, porque a la seguridad hay que echarle ganas, voluntad y dinero\u201d, expres\u00f3 el edil. El Presidente Municipal reiter\u00f3 su apoyo a las estrategias del Estado en materia de seguridad. \u201cCuente con nosotros para que desde esta trinchera seguir haciendo de Torre\u00f3n, de La Laguna y de Coahuila, un Estado ejemplar en materia de seguridad. Lo hemos demostrado y creo que el factor principal se llama coordinaci\u00f3n entre todas las corporaciones, la Iniciativa Privada, los \u00f3rdenes de Gobierno, el Ej\u00e9rcito Mexicano, la Guardia Nacional. Cuente con que Torre\u00f3n podr\u00e1 seguir siendo un pilar para que en seguridad, Coahuila siga siendo un ejemplo nacional\u201d, dijo. El secretario de Seguridad, Federico Fern\u00e1ndez Monta\u00f1ez, resalt\u00f3 el tema del orden como un factor esencial en las estrategias de seguridad, y reconoci\u00f3 al Municipio y al Alcalde, por practicarlo eficazmente en Torre\u00f3n.<br>\u00a0<br>\u201cEl Gobernador me ha pedido transmitir un mensaje en las mesas de seguridad municipales, y el Alcalde lo hace aqu\u00ed muy bien, es el orden\u201d, se\u00f1al\u00f3 el Secretario.<br>\u00a0<br>Por otro lado, el funcionario expuso temas que se est\u00e1n revisando con los presidentes municipales de Coahuila, como la preparaci\u00f3n de un programa integral de la l\u00ednea de emergencias 911, la regularizaci\u00f3n de los Airbnb, y la homologaci\u00f3n de reglamentos para que se solicite a desarrolladores y constructores de fraccionamientos, la instalaci\u00f3n de c\u00e1maras con reconocimiento de rostro.<br>Por su parte, el subsecretario de Operaci\u00f3n Policial de Coahuila, H\u00e9ctor Flores Rodr\u00edguez, destac\u00f3 la importancia de mantener y reforzar la coordinaci\u00f3n del C2 y el C4.<br>\u00a0<br>Por otro lado, el alcalde Rom\u00e1n Alberto Cepeda Gonz\u00e1lez, solicit\u00f3 a las autoridades de la mesa de seguridad, reforzar la coordinaci\u00f3n y redoblar esfuerzos para mantener la seguridad y la paz social, durante los eventos del fin de semana en Torre\u00f3n, como es el juego del Santos contra Monterrey, los festejos por el 15 de septiembre en Plaza Mayor y en todo el municipio, as\u00ed como durante el desfile del 16 de septiembre.<br>\u00a0<br>\u201cPara la noche del Grito esperamos un gran n\u00famero de asistentes y aunque en Plaza Mayor no se vende alcohol, es preciso coordinar las acciones que ya se establecieron en las mesas de trabajo previas, y resta mantener la colaboraci\u00f3n y el compromiso de todos\u201d, agreg\u00f3 el edil.<br>\u00a0<br>Adem\u00e1s, durante la mesa de seguridad el Alcalde y las autoridades expresaron un respetuoso p\u00e9same a la familia del oficial de Tr\u00e1nsito Francisco Ismael Aguilar Gallegos, que perdi\u00f3 la vida en cumplimiento de su deber.<br>\u00a0<br>Referente al \u00edndice semanal de incidencia delictiva, el comisario C\u00e9sar Antonio Perales Esparza, director de la Polic\u00eda Municipal, inform\u00f3 que en la semana del 4 al 10 de septiembre de 2024, disminuy\u00f3 el \u00edndice delictivo en el rubro de robo a local comercial, con seis eventos; y el robo a persona con violencia, as\u00ed como el robo a transporte p\u00fablico no presentaron eventos esta semana.<br>\u00a0<br>La Polic\u00eda Municipal efectu\u00f3 56 detenciones que fueron remitidas al Ministerio P\u00fablico y 76 al Juez Calificador.<br>\u00a0<br>El Grupo de Reacci\u00f3n Torre\u00f3n realiz\u00f3 nueve detenciones, relacionadas con la posesi\u00f3n de narc\u00f3ticos.<br>\u00a0<br>Luis Alberto Morales Cort\u00e9s, director de Vialidad y Movilidad Urbana, inform\u00f3 sobre la campa\u00f1a informativa de Seguridad Vial para quienes usan pat\u00edn o bicicleta el\u00e9ctrica.<br>\u00a0<br>Martha Esther Rodr\u00edguez Romero, presidenta del Tribunal de Justicia Municipal inform\u00f3 que la principal causa de detenciones en la semana, fue el de persona intoxicada, con 32 ingresos.<br>\u00a0<br>Jorge Luis Ju\u00e1rez Llanas, director de Protecci\u00f3n Civil y Bomberos de Torre\u00f3n, mencion\u00f3 que contin\u00faan las acciones en los pozos de captaci\u00f3n como medida preventiva en caso de que se presenten lluvias.<br>\u00a0<br>Ra\u00fal Gerardo Rodr\u00edguez Garc\u00eda, director de Inspecci\u00f3n y Verificaci\u00f3n, inform\u00f3 que los principales reportes que recibi\u00f3 la dependencia mediante el sistema 073 fueron por veh\u00edculos chatarra con cinco; y obstrucci\u00f3n en la v\u00eda p\u00fablica, con 19.<\/p>\n","protected":false},"excerpt":{"rendered":"<p>Torre\u00f3n, Coahuila. A 13 de septiembre de 2024. Durante la trig\u00e9sima sexta reuni\u00f3n semanal de seguridad, el alcalde Rom\u00e1n Alberto Cepeda Gonz\u00e1lez reiter\u00f3 que en su actual Administraci\u00f3n Municipal y la que inicie el pr\u00f3ximo 1 de enero de 2025, continuar\u00e1n las acciones de coordinaci\u00f3n, respeto y orden, con el Gobierno del Estado de Coahuila. [&hellip;]<\/p>\n","protected":false},"author":1,"featured_media":9644,"comment_status":"open","ping_status":"open","sticky":false,"template":"","format":"standard","meta":{"_monsterinsights_skip_tracking":false,"_monsterinsights_sitenote_active":false,"_monsterinsights_sitenote_note":"","_monsterinsights_sitenote_category":0,"footnotes":""},"categories":[1],"tags":[],"_links":{"self":[{"href":"https:\/\/zonalimitrofe-cbnr.com\/index.php\/wp-json\/wp\/v2\/posts\/9643"}],"collection":[{"href":"https:\/\/zonalimitrofe-cbnr.com\/index.php\/wp-json\/wp\/v2\/posts"}],"about":[{"href":"https:\/\/zonalimitrofe-cbnr.com\/index.php\/wp-json\/wp\/v2\/types\/post"}],"author":[{"embeddable":true,"href":"https:\/\/zonalimitrofe-cbnr.com\/index.php\/wp-json\/wp\/v2\/users\/1"}],"replies":[{"embeddable":true,"href":"https:\/\/zonalimitrofe-cbnr.com\/index.php\/wp-json\/wp\/v2\/comments?post=9643"}],"version-history":[{"count":1,"href":"https:\/\/zonalimitrofe-cbnr.com\/index.php\/wp-json\/wp\/v2\/posts\/9643\/revisions"}],"predecessor-version":[{"id":9645,"href":"https:\/\/zonalimitrofe-cbnr.com\/index.php\/wp-json\/wp\/v2\/posts\/9643\/revisions\/9645"}],"wp:featuredmedia":[{"embeddable":true,"href":"https:\/\/zonalimitrofe-cbnr.com\/index.php\/wp-json\/wp\/v2\/media\/9644"}],"wp:attachment":[{"href":"https:\/\/zonalimitrofe-cbnr.com\/index.php\/wp-json\/wp\/v2\/media?parent=9643"}],"wp:term":[{"taxonomy":"category","embeddable":true,"href":"https:\/\/zonalimitrofe-cbnr.com\/index.php\/wp-json\/wp\/v2\/categories?post=9643"},{"taxonomy":"post_tag","embeddable":true,"href":"https:\/\/zonalimitrofe-cbnr.com\/index.php\/wp-json\/wp\/v2\/tags?post=9643"}],"curies":[{"name":"wp","href":"https:\/\/api.w.org\/{rel}","templated":true}]}}