{"id":9640,"date":"2024-09-13T16:31:32","date_gmt":"2024-09-13T22:31:32","guid":{"rendered":"https:\/\/zonalimitrofe-cbnr.com\/?p=9640"},"modified":"2024-09-13T16:31:33","modified_gmt":"2024-09-13T22:31:33","slug":"durango-por-un-mexico-y-un-durango-libre-gobierno-de-esteban-villegas-enfrenta-los-retos-con-la-misma-determinacion-que-sus-hombres-ilustres","status":"publish","type":"post","link":"https:\/\/zonalimitrofe-cbnr.com\/index.php\/2024\/09\/13\/durango-por-un-mexico-y-un-durango-libre-gobierno-de-esteban-villegas-enfrenta-los-retos-con-la-misma-determinacion-que-sus-hombres-ilustres\/","title":{"rendered":"#Durango. Por un M\u00e9xico y un Durango libre, Gobierno de Esteban Villegas enfrenta los retos con la misma determinaci\u00f3n que sus hombres ilustres*"},"content":{"rendered":"\n<ul>\n<li><em>Conmemora el Mandatario Estatal el 177 Aniversario de la Gesta Heroica de los Ni\u00f1os H\u00e9roes.<\/em><\/li>\n\n\n\n<li><em>El secretario general de Gobierno, H\u00e9ctor Vela Valenzuela, fue el orador oficial, y destac\u00f3 que la lucha y valent\u00eda de los cadetes son ejemplo para las futuras generaciones.<\/em><\/li>\n<\/ul>\n\n\n\n<p>Con el liderazgo del mandatario Esteban Villegas, el esfuerzo en conjunto de los Tres Poderes y la inspiraci\u00f3n de hombres ilustres, ha sido determinante para mantener una entidad en desarrollo y a su vez, libre, con respeto y con un gran legado de valores de los ancestros, afirm\u00f3 el secretario general de Gobierno, H\u00e9ctor Vela Valenzuela al conmemorar el 177 Aniversario de la Gesta Heroica de los Ni\u00f1os H\u00e9roes.<\/p>\n\n\n\n<p>La celebraci\u00f3n de este acto se llev\u00f3 a cabo en el monumento de los cadetes ubicado el Parque Guadiana, donde desde temprana hora se dio cita el Ejecutivo Estatal para encabezar la ceremonia solemne en honor a los h\u00e9roes mexicanos, donde Vela Valenzuela tuvo la voz para dar lectura al discurso oficial.<\/p>\n\n\n\n<p>All\u00ed describi\u00f3 c\u00f3mo fue que la valent\u00eda de los Ni\u00f1os H\u00e9roes defendi\u00f3 a la naci\u00f3n desde el Castillo de Chapultepec y de c\u00f3mo su sacrificio no fue en vano, al forjar un M\u00e9xico libre, justo y soberano, y de ser ejemplo de lucha para las futuras generaciones.<\/p>\n\n\n\n<p>Muestra de ello, son los programas y acciones que ha implementado Villegas Villarreal para los duranguenses, desde las acciones en unidad para la atenci\u00f3n a la sequ\u00eda que azot\u00f3 el a\u00f1o anterior y los primeros meses de este 2024; el Hospital sobre Ruedas, bajo concepto de equidad, que es dar m\u00e1s a quien m\u00e1s lo necesita y por lo que ha llegado a lugares donde nunca se acerc\u00f3 la atenci\u00f3n m\u00e9dica.<\/p>\n\n\n\n<p>Expuso que en materia educativa, otro de los esfuerzos fueron las aulas digitales, y en lo econ\u00f3mico, la firma 32 compromisos de inversi\u00f3n, \u201ceso se llama trabajar a favor de los duranguenses, tomando ejemplo el legado de honorabilidad y decisi\u00f3n de los Ni\u00f1os H\u00e9roes, estamos comprometidos con la construcci\u00f3n de un estado fuerte y con visi\u00f3n, donde la salud, la educaci\u00f3n, la seguridad y el desarrollo econ\u00f3mico son pilares fundamentales\u201d.<\/p>\n\n\n\n<p>Enmarc\u00f3 que se trabaja para mejorar la calidad de vida de los duranguenses, por ello, se implementaron de igual forma, programas que fomentan respeto por los s\u00edmbolos patrios, compromiso con los valores, como lealtad y honor, principios que deben guiar a los ciudadanos, \u201csu memoria vive en cada uno de nosotros recordando la importancia de trabajar por M\u00e9xico y un Durango libre\u201d.<\/p>\n\n\n\n<p>Como parte de los actos c\u00edvicos y tradici\u00f3n simb\u00f3lica, se pas\u00f3 lista de los Ni\u00f1os H\u00e9roes, posteriormente, se ejecut\u00f3 el toque militar \u201cSilencio\u201d, luego una secci\u00f3n de fusileros del 62 batall\u00f3n de Infanter\u00eda, realiz\u00f3 el acto de Salva de Fusiler\u00eda, acto seguido, el Gobernador, acompa\u00f1ado de autoridades coloc\u00f3 una ofrenda floral y realiz\u00f3 una guardia de honor.<\/p>\n\n\n\n<p>A este acto c\u00edvico tambi\u00e9n estuvieron presentes el Magistrado del Tribunal Superior del Estado, \u00c1ngel Bonilla Saucedo, el Coordinador de la Guardia Nacional de Durango, Comisario Manuel Bravo Alonso, el General Isaac Bravo L\u00f3pez, comandante de la d\u00e9cima Zona Militar; el presidente municipal de la capital, Antonio Ochoa Rodr\u00edguez; el presidente de Coordinaci\u00f3n de la Junta Pol\u00edtica del Congreso del Estado, H\u00e9ctor Herrera N\u00fa\u00f1ez, as\u00ed como los integrantes del Gabinete Estatal.<\/p>\n","protected":false},"excerpt":{"rendered":"<p>Con el liderazgo del mandatario Esteban Villegas, el esfuerzo en conjunto de los Tres Poderes y la inspiraci\u00f3n de hombres ilustres, ha sido determinante para mantener una entidad en desarrollo y a su vez, libre, con respeto y con un gran legado de valores de los ancestros, afirm\u00f3 el secretario general de Gobierno, H\u00e9ctor Vela [&hellip;]<\/p>\n","protected":false},"author":1,"featured_media":9641,"comment_status":"open","ping_status":"open","sticky":false,"template":"","format":"standard","meta":{"_monsterinsights_skip_tracking":false,"_monsterinsights_sitenote_active":false,"_monsterinsights_sitenote_note":"","_monsterinsights_sitenote_category":0,"footnotes":""},"categories":[1],"tags":[],"_links":{"self":[{"href":"https:\/\/zonalimitrofe-cbnr.com\/index.php\/wp-json\/wp\/v2\/posts\/9640"}],"collection":[{"href":"https:\/\/zonalimitrofe-cbnr.com\/index.php\/wp-json\/wp\/v2\/posts"}],"about":[{"href":"https:\/\/zonalimitrofe-cbnr.com\/index.php\/wp-json\/wp\/v2\/types\/post"}],"author":[{"embeddable":true,"href":"https:\/\/zonalimitrofe-cbnr.com\/index.php\/wp-json\/wp\/v2\/users\/1"}],"replies":[{"embeddable":true,"href":"https:\/\/zonalimitrofe-cbnr.com\/index.php\/wp-json\/wp\/v2\/comments?post=9640"}],"version-history":[{"count":1,"href":"https:\/\/zonalimitrofe-cbnr.com\/index.php\/wp-json\/wp\/v2\/posts\/9640\/revisions"}],"predecessor-version":[{"id":9642,"href":"https:\/\/zonalimitrofe-cbnr.com\/index.php\/wp-json\/wp\/v2\/posts\/9640\/revisions\/9642"}],"wp:featuredmedia":[{"embeddable":true,"href":"https:\/\/zonalimitrofe-cbnr.com\/index.php\/wp-json\/wp\/v2\/media\/9641"}],"wp:attachment":[{"href":"https:\/\/zonalimitrofe-cbnr.com\/index.php\/wp-json\/wp\/v2\/media?parent=9640"}],"wp:term":[{"taxonomy":"category","embeddable":true,"href":"https:\/\/zonalimitrofe-cbnr.com\/index.php\/wp-json\/wp\/v2\/categories?post=9640"},{"taxonomy":"post_tag","embeddable":true,"href":"https:\/\/zonalimitrofe-cbnr.com\/index.php\/wp-json\/wp\/v2\/tags?post=9640"}],"curies":[{"name":"wp","href":"https:\/\/api.w.org\/{rel}","templated":true}]}}