{"id":9631,"date":"2024-09-13T16:23:53","date_gmt":"2024-09-13T22:23:53","guid":{"rendered":"https:\/\/zonalimitrofe-cbnr.com\/?p=9631"},"modified":"2024-09-13T16:23:53","modified_gmt":"2024-09-13T22:23:53","slug":"uadec-inicia-la-feria-internacional-del-libro-de-coahuila-2024-en-el","status":"publish","type":"post","link":"https:\/\/zonalimitrofe-cbnr.com\/index.php\/2024\/09\/13\/uadec-inicia-la-feria-internacional-del-libro-de-coahuila-2024-en-el\/","title":{"rendered":"#UAdeC. Inicia la Feria Internacional del Libro de Coahuila 2024 en el"},"content":{"rendered":"\n<p>Centro Cultural Universitario de la UAdeC<\/p>\n\n\n\n<p>ARTEAGA, Coahuila. 13 de septiembre de 2024. En coordinaci\u00f3n con el Gobierno del Estado de Coahuila a trav\u00e9s de la Secretar\u00eda de Cultura, y la C\u00e1mara Nacional de la Industria Editorial Mexicana, en la Universidad Aut\u00f3noma de Coahuila fue inaugurada la vig\u00e9sima sexta edici\u00f3n de la Feria Internacional del Libro 2024\/Bicentenario Coahuila, que se desarrollar\u00e1 en el Centro Cultural Universitario de Arteaga del 13 al 22 de septiembre de 2024.<\/p>\n\n\n\n<p>En esta edici\u00f3n 26 de la FILC, tendr\u00e1 como pa\u00eds invitado a Canad\u00e1 y como estado a Chihuahua, y a las instituciones: Universidad de Texas en Austin (UT Austin), la Universidad de Houston y Southern Methodist University (SMU) de Dallas, ello como parte de los festejos del Bicentenario de la fundaci\u00f3n del estado de Coahuila-Texas.<\/p>\n\n\n\n<p>En la ceremonia de inauguraci\u00f3n, se cont\u00f3 con la presencia del gobernador del estado de Coahuila, Manolo Jim\u00e9nez Salinas; la presidenta honoraria de \u201cInspira Coahuila\u201d, Paola Rodr\u00edguez L\u00f3pez; la titular de la Secretar\u00eda de Cultura de Coahuila, Esther Quintana Salinas; el secretario de Educaci\u00f3n P\u00fablica, Emmanuel Garza Fishburn. el jefe de Gabinete y Proyectos Estrat\u00e9gicos del Gobierno de Coahuila, Blas Jos\u00e9 Flores Gonz\u00e1lez.<\/p>\n\n\n\n<p>Tambi\u00e9n, el rector de la Universidad Aut\u00f3noma de Coahuila Octavio Pimentel Mart\u00ednez; la C\u00f3nsul general de Canad\u00e1 en Monterrey, Anabelle Laruoche; la secretaria de Cultura del Gobierno de Chihuahua, Rebeca Enr\u00edquez Guti\u00e9rrez; la presidenta de la Junta de Gobierno del Congreso Coahuila, Luz Elena Morales; el comandante de la Sexta Zona Militar, Gral. Vicente P\u00e9rez L\u00f3pez; el presidente municipal de Arteaga, Ramiro Dur\u00e1n Garc\u00eda.<\/p>\n\n\n\n<p>Adem\u00e1s, el director de la C\u00e1mara Nacional de la Industria Editorial Mexicana, Antonio Alonso Gonz\u00e1lez y el coordinador del Colegiado Nacional de Administraci\u00f3n y Finanzas del Comit\u00e9 Ejecutivo del SNTE, Jos\u00e9 Garc\u00eda Mora.<\/p>\n\n\n\n<p>En su mensaje, el gobernador del estado, Manolo Jim\u00e9nez Salinas destac\u00f3 la importancia de este evento para la cultura y la econom\u00eda del Coahuila, adem\u00e1s de la gran afluencia de j\u00f3venes y ni\u00f1os, por lo que inst\u00f3 al secretario de educaci\u00f3n, Emanuel Garza Fishburn a fomentar la visita de m\u00e1s escuelas.<\/p>\n\n\n\n<p>Jim\u00e9nez Salinas, agradeci\u00f3 la participaci\u00f3n del estado de Chihuahua y su estrecha relaci\u00f3n con la gobernadora Mar\u00eda Eugenia Campos, mencionando que ambos estados son l\u00edderes en exportaciones, as\u00ed como a Canad\u00e1 como pa\u00eds invitado, destacando su papel como importante socio comercial de Coahuila, generando miles de empleos a trav\u00e9s de inversiones extranjeras.<\/p>\n\n\n\n<p>Por su parte, la titular de la Secretar\u00eda de Cultura, Esther Quintana Salinas, destac\u00f3 el poder de la literatura como una ventana abierta al alma, permitiendo a trav\u00e9s de los libros explorar culturas, \u00e9pocas y pensamientos diversos, y es con la FILC que la programaci\u00f3n est\u00e1 dise\u00f1ada para motivar a descubrir la magia de los libros, con la participaci\u00f3n de muchas personas comprometidas en consolidar esta Feria como la mejor en su g\u00e9nero en el noreste del pa\u00eds, y quiz\u00e1s, de toda la Rep\u00fablica.<\/p>\n\n\n\n<p>Mientras qu\u00e9, el rector de la UAdeC, Octavio Pimentel Mart\u00ednez, agradeci\u00f3 al Gobierno Estatal por la confianza depositada en la instituci\u00f3n para participar en la organizaci\u00f3n nuevamente de la Feria Internacional del Libro, en un recinto para todas las personas de Coahuila, donde se puede apreciar tanto a los grandes autores como a las nuevas generaciones de escritores.<\/p>\n\n\n\n<p>Pimentel Mart\u00ednez, se\u00f1al\u00f3 la relevancia de la Feria como un espacio para conocer otras culturas, celebrando a Canad\u00e1 como el pa\u00eds invitado en esta edici\u00f3n, tambi\u00e9n agradeci\u00f3 la participaci\u00f3n de las tres universidades del estado vecino de Texas, lo que refuerza la dimensi\u00f3n internacional del evento.<\/p>\n\n\n\n<p>En su intervenci\u00f3n, la C\u00f3nsul general de Canad\u00e1 en Monterrey, Anabelle Laruoche, reconoci\u00f3 la importancia de este evento literario y cultural para Canad\u00e1, por lo que refrend\u00f3 el compromiso de su pa\u00eds con el apoyo a artistas y las industrias creativas, tanto nacionales como internacionales, la participaci\u00f3n de Canad\u00e1 refleja la fusi\u00f3n entre M\u00e9xico y Canad\u00e1.<\/p>\n\n\n\n<p>Por su parte, la secretaria de Cultura del Gobierno de Chihuahua, Rebeca Enr\u00edquez Guti\u00e9rrez, resalt\u00f3 la importancia hist\u00f3rica de los estados de Chihuahua y Coahuila como estados libres y soberanos pues se\u00f1al\u00f3 que la cultura, las letras y el conocimiento son un punto de hermandad que conecta no solo a los estados del norte de M\u00e9xico.<\/p>\n\n\n\n<p>Por su parte, el director general de la C\u00e1mara Nacional de la Industria Editorial Mexicana, Antonio Gonz\u00e1lez, expres\u00f3 el orgulloso por pertenecer al sector editorial, destac\u00e1ndolo como uno de los pilares de la cultura en M\u00e9xico, agradeci\u00f3 la oportunidad de participar en la Feria, la cual describi\u00f3 como un importante punto de encuentro cultural.<\/p>\n\n\n\n<p>La Universidad Aut\u00f3noma de Coahuila forma parte del programa de la FILC, participaremos con la instalaci\u00f3n de un stand que se ubicar\u00e1 en el \u00e1rea Institucional a un costado del Aula Magna de CU, as\u00ed como de seis espacios en la programaci\u00f3n literaria de la Feria.<\/p>\n\n\n\n<p>Para conocer la cartelera completa de la Feria Internacional del Libro Coahuila 2024, visitar las redes sociales de la Secretar\u00eda de Cultura del Estado de Coahuila: en Facebook @CulturaCoahuilaOficial, en Twitter @CulturaCoahuila o en Instagram, @culturacoahuila.<\/p>\n","protected":false},"excerpt":{"rendered":"<p>Centro Cultural Universitario de la UAdeC ARTEAGA, Coahuila. 13 de septiembre de 2024. En coordinaci\u00f3n con el Gobierno del Estado de Coahuila a trav\u00e9s de la Secretar\u00eda de Cultura, y la C\u00e1mara Nacional de la Industria Editorial Mexicana, en la Universidad Aut\u00f3noma de Coahuila fue inaugurada la vig\u00e9sima sexta edici\u00f3n de la Feria Internacional del [&hellip;]<\/p>\n","protected":false},"author":1,"featured_media":9632,"comment_status":"open","ping_status":"open","sticky":false,"template":"","format":"standard","meta":{"_monsterinsights_skip_tracking":false,"_monsterinsights_sitenote_active":false,"_monsterinsights_sitenote_note":"","_monsterinsights_sitenote_category":0,"footnotes":""},"categories":[1],"tags":[],"_links":{"self":[{"href":"https:\/\/zonalimitrofe-cbnr.com\/index.php\/wp-json\/wp\/v2\/posts\/9631"}],"collection":[{"href":"https:\/\/zonalimitrofe-cbnr.com\/index.php\/wp-json\/wp\/v2\/posts"}],"about":[{"href":"https:\/\/zonalimitrofe-cbnr.com\/index.php\/wp-json\/wp\/v2\/types\/post"}],"author":[{"embeddable":true,"href":"https:\/\/zonalimitrofe-cbnr.com\/index.php\/wp-json\/wp\/v2\/users\/1"}],"replies":[{"embeddable":true,"href":"https:\/\/zonalimitrofe-cbnr.com\/index.php\/wp-json\/wp\/v2\/comments?post=9631"}],"version-history":[{"count":1,"href":"https:\/\/zonalimitrofe-cbnr.com\/index.php\/wp-json\/wp\/v2\/posts\/9631\/revisions"}],"predecessor-version":[{"id":9633,"href":"https:\/\/zonalimitrofe-cbnr.com\/index.php\/wp-json\/wp\/v2\/posts\/9631\/revisions\/9633"}],"wp:featuredmedia":[{"embeddable":true,"href":"https:\/\/zonalimitrofe-cbnr.com\/index.php\/wp-json\/wp\/v2\/media\/9632"}],"wp:attachment":[{"href":"https:\/\/zonalimitrofe-cbnr.com\/index.php\/wp-json\/wp\/v2\/media?parent=9631"}],"wp:term":[{"taxonomy":"category","embeddable":true,"href":"https:\/\/zonalimitrofe-cbnr.com\/index.php\/wp-json\/wp\/v2\/categories?post=9631"},{"taxonomy":"post_tag","embeddable":true,"href":"https:\/\/zonalimitrofe-cbnr.com\/index.php\/wp-json\/wp\/v2\/tags?post=9631"}],"curies":[{"name":"wp","href":"https:\/\/api.w.org\/{rel}","templated":true}]}}