{"id":9619,"date":"2024-09-13T16:12:41","date_gmt":"2024-09-13T22:12:41","guid":{"rendered":"https:\/\/zonalimitrofe-cbnr.com\/?p=9619"},"modified":"2024-09-13T16:12:41","modified_gmt":"2024-09-13T22:12:41","slug":"lerdo-alistan-operativo-de-seguridad-en-lerdo-por-fiestas-patrias","status":"publish","type":"post","link":"https:\/\/zonalimitrofe-cbnr.com\/index.php\/2024\/09\/13\/lerdo-alistan-operativo-de-seguridad-en-lerdo-por-fiestas-patrias\/","title":{"rendered":"#Lerdo. ALISTAN OPERATIVO DE SEGURIDAD EN LERDO POR FIESTAS PATRIAS*"},"content":{"rendered":"\n<p>Lerdo, 13 de septiembre de 2024.- Este viernes, el Presidente Municipal Homero Mart\u00ednez Cabrera inform\u00f3 que durante este fin de semana se implementar\u00e1 un operativo de seguridad en el municipio, con alrededor de 300 elementos que vigilar\u00e1n el desarrollo de las Fiestas Patrias.<\/p>\n\n\n\n<p>\u201cGracias a la coordinaci\u00f3n del Mando Especial de La Laguna con los municipios y los estados de Durango y Coahuila, hemos mantenido un ambiente que nos permite celebrar con tranquilidad. Sin embargo, contaremos con alrededor de 300 elementos de seguridad en el Municipio, a trav\u00e9s del 72 Batall\u00f3n de Infanter\u00eda y las corporaciones municipales\u201d, expres\u00f3 el Alcalde.<\/p>\n\n\n\n<p>Asimismo, hizo un llamado a los ciudadanos para que celebren en paz y armon\u00eda. Invit\u00f3 a la poblaci\u00f3n al Grito de Independencia en la Plaza Principal, donde se presentar\u00e1 el grupo Rieleros del Norte, y exhort\u00f3 a quienes celebren en casa con familiares y amigos a hacerlo con responsabilidad para evitar situaciones lamentables.<\/p>\n\n\n\n<p>Por su parte, el director de Tr\u00e1nsito y Vialidad del municipio, Francisco de Hoyos Mart\u00ednez, se\u00f1al\u00f3 que durante el fin de semana se implementar\u00e1 el operativo alcohol\u00edmetro y se realizar\u00e1n rondines viales en la ciudad, exhortando a los ciudadanos a no conducir en estado de ebriedad.<\/p>\n\n\n\n<p>Finalmente, Isabel Mac\u00edas Sifuentes, Coordinadora de Protecci\u00f3n Civil y Bomberos, invit\u00f3 a la ciudadan\u00eda a no utilizar p\u00f3lvora durante las celebraciones. H\u00e9ctor Mart\u00ednez L\u00f3pez indic\u00f3 que los elementos de seguridad realizar\u00e1n rondines de vigilancia en colonias, fraccionamientos y comunidades rurales, para atender cualquier emergencia reportada al 911.<\/p>\n","protected":false},"excerpt":{"rendered":"<p>Lerdo, 13 de septiembre de 2024.- Este viernes, el Presidente Municipal Homero Mart\u00ednez Cabrera inform\u00f3 que durante este fin de semana se implementar\u00e1 un operativo de seguridad en el municipio, con alrededor de 300 elementos que vigilar\u00e1n el desarrollo de las Fiestas Patrias. \u201cGracias a la coordinaci\u00f3n del Mando Especial de La Laguna con los [&hellip;]<\/p>\n","protected":false},"author":1,"featured_media":9620,"comment_status":"open","ping_status":"open","sticky":false,"template":"","format":"standard","meta":{"_monsterinsights_skip_tracking":false,"_monsterinsights_sitenote_active":false,"_monsterinsights_sitenote_note":"","_monsterinsights_sitenote_category":0,"footnotes":""},"categories":[1],"tags":[],"_links":{"self":[{"href":"https:\/\/zonalimitrofe-cbnr.com\/index.php\/wp-json\/wp\/v2\/posts\/9619"}],"collection":[{"href":"https:\/\/zonalimitrofe-cbnr.com\/index.php\/wp-json\/wp\/v2\/posts"}],"about":[{"href":"https:\/\/zonalimitrofe-cbnr.com\/index.php\/wp-json\/wp\/v2\/types\/post"}],"author":[{"embeddable":true,"href":"https:\/\/zonalimitrofe-cbnr.com\/index.php\/wp-json\/wp\/v2\/users\/1"}],"replies":[{"embeddable":true,"href":"https:\/\/zonalimitrofe-cbnr.com\/index.php\/wp-json\/wp\/v2\/comments?post=9619"}],"version-history":[{"count":1,"href":"https:\/\/zonalimitrofe-cbnr.com\/index.php\/wp-json\/wp\/v2\/posts\/9619\/revisions"}],"predecessor-version":[{"id":9621,"href":"https:\/\/zonalimitrofe-cbnr.com\/index.php\/wp-json\/wp\/v2\/posts\/9619\/revisions\/9621"}],"wp:featuredmedia":[{"embeddable":true,"href":"https:\/\/zonalimitrofe-cbnr.com\/index.php\/wp-json\/wp\/v2\/media\/9620"}],"wp:attachment":[{"href":"https:\/\/zonalimitrofe-cbnr.com\/index.php\/wp-json\/wp\/v2\/media?parent=9619"}],"wp:term":[{"taxonomy":"category","embeddable":true,"href":"https:\/\/zonalimitrofe-cbnr.com\/index.php\/wp-json\/wp\/v2\/categories?post=9619"},{"taxonomy":"post_tag","embeddable":true,"href":"https:\/\/zonalimitrofe-cbnr.com\/index.php\/wp-json\/wp\/v2\/tags?post=9619"}],"curies":[{"name":"wp","href":"https:\/\/api.w.org\/{rel}","templated":true}]}}