{"id":9597,"date":"2024-09-12T17:31:18","date_gmt":"2024-09-12T23:31:18","guid":{"rendered":"https:\/\/zonalimitrofe-cbnr.com\/?p=9597"},"modified":"2024-09-12T17:31:18","modified_gmt":"2024-09-12T23:31:18","slug":"ayuntamiento-de-gomez-palacio-tiene-listo-operativo-vial-para-las-fiestas-patrias","status":"publish","type":"post","link":"https:\/\/zonalimitrofe-cbnr.com\/index.php\/2024\/09\/12\/ayuntamiento-de-gomez-palacio-tiene-listo-operativo-vial-para-las-fiestas-patrias\/","title":{"rendered":"Ayuntamiento de G\u00f3mez Palacio tiene listo operativo vial para las fiestas patrias"},"content":{"rendered":"\n<p>El Ayuntamiento de G\u00f3mez Palacio, a trav\u00e9s de la Direcci\u00f3n de Tr\u00e1nsito y Vialidad, implementar\u00e1 un operativo especial de tr\u00e1nsito durante los d\u00edas 14, 15 y 16 de septiembre de 2024, con motivo de los festejos patrios. Este operativo tiene como objetivo garantizar la seguridad y el flujo vehicular en el centro de la ciudad y comenzar\u00e1 el 14 de septiembre a las 22:00 horas, concluyendo con el desfile el d\u00eda 16.<\/p>\n\n\n\n<p>Juan de Dios Luna Graciano, jefe operativo de Tr\u00e1nsito y Vialidad, subray\u00f3 que estas medidas siguen las directrices de la Presidenta Municipal Leticia Herrera Ale, enfocadas en garantizar la seguridad de los asistentes y mantener el orden durante las celebraciones patrias.<\/p>\n\n\n\n<p>Cierres de vialidades:<\/p>\n\n\n\n<ul>\n<li>13 de septiembre: en punto de las 06:00 horas, se hace el corte de circulaci\u00f3n en el bulevar Miguel Alem\u00e1n a la altura de la avenida Victoria, en el sentido de poniente a oriente y se hace un doble sentido en el desnivel del km 11-40.<\/li>\n\n\n\n<li>14 de septiembre: A las 22:00 horas, cierre de la avenida Francisco I. Madero (entre calles Centenario y Santiago Lav\u00edn) para instalaci\u00f3n de escenario y gradas frente a la Presidencia Municipal.<\/li>\n\n\n\n<li>15 de septiembre: A partir de las 16:00 horas, cierre de las Avenidas Allende y Victoria entre las calles Centenario y Santiago Lav\u00edn. Con el aumento de asistentes, se cerrar\u00e1n tambi\u00e9n las Avenidas Hidalgo y Centenario, Avenida Morelos entre Centenario y Santiago Lav\u00edn, y la avenida Vergel con Calle Constituci\u00f3n. La calle Independencia, desde la avenida Hidalgo hasta la Presidencia Municipal, tambi\u00e9n estar\u00e1 cerrada.<\/li>\n\n\n\n<li>Los desv\u00edos vehiculares se dirigir\u00e1n hacia la Av. Mina y otras calles alternativas como la Avenida 20 de Noviembre e Hidalgo.<\/li>\n\n\n\n<li>Las vialidades se reabrir\u00e1n gradualmente a medida que disminuya la asistencia al evento.<\/li>\n\n\n\n<li>16 de septiembre: A las 09:45 horas, inicio del operativo con 22 oficiales pedestres, 7 unidades y 10 motociclistas para manejar los cierres temporales de vialidades durante el recorrido del desfile.<\/li>\n\n\n\n<li>Cierres en las Avenidas Francisco I. Madero, Allende y Constituci\u00f3n, con oficiales en bocacalles para apoyar en el control del tr\u00e1fico.<\/li>\n\n\n\n<li>Las Avenidas Francisco I. Madero, Allende y Constituci\u00f3n ser\u00e1n reabiertas gradualmente una vez que el desfile concluya y el p\u00fablico se disperse.<\/li>\n\n\n\n<li>Dos unidades de tr\u00e1nsito cerrar\u00e1n el desfile, asegurando que todas las vialidades afectadas retornen a la normalidad tras el paso del contingente.<\/li>\n<\/ul>\n\n\n\n<p>El funcionario invit\u00f3 a la ciudadan\u00eda a estar atentos a las indicaciones de los agentes de vialidad, quienes en todo momento estar\u00e1n guiando a los automovilistas y vigilando la seguridad val de todos los asistentes a estos eventos patrios.<\/p>\n","protected":false},"excerpt":{"rendered":"<p>El Ayuntamiento de G\u00f3mez Palacio, a trav\u00e9s de la Direcci\u00f3n de Tr\u00e1nsito y Vialidad, implementar\u00e1 un operativo especial de tr\u00e1nsito durante los d\u00edas 14, 15 y 16 de septiembre de 2024, con motivo de los festejos patrios. Este operativo tiene como objetivo garantizar la seguridad y el flujo vehicular en el centro de la ciudad [&hellip;]<\/p>\n","protected":false},"author":1,"featured_media":9598,"comment_status":"open","ping_status":"open","sticky":false,"template":"","format":"standard","meta":{"_monsterinsights_skip_tracking":false,"_monsterinsights_sitenote_active":false,"_monsterinsights_sitenote_note":"","_monsterinsights_sitenote_category":0,"footnotes":""},"categories":[1],"tags":[],"_links":{"self":[{"href":"https:\/\/zonalimitrofe-cbnr.com\/index.php\/wp-json\/wp\/v2\/posts\/9597"}],"collection":[{"href":"https:\/\/zonalimitrofe-cbnr.com\/index.php\/wp-json\/wp\/v2\/posts"}],"about":[{"href":"https:\/\/zonalimitrofe-cbnr.com\/index.php\/wp-json\/wp\/v2\/types\/post"}],"author":[{"embeddable":true,"href":"https:\/\/zonalimitrofe-cbnr.com\/index.php\/wp-json\/wp\/v2\/users\/1"}],"replies":[{"embeddable":true,"href":"https:\/\/zonalimitrofe-cbnr.com\/index.php\/wp-json\/wp\/v2\/comments?post=9597"}],"version-history":[{"count":1,"href":"https:\/\/zonalimitrofe-cbnr.com\/index.php\/wp-json\/wp\/v2\/posts\/9597\/revisions"}],"predecessor-version":[{"id":9599,"href":"https:\/\/zonalimitrofe-cbnr.com\/index.php\/wp-json\/wp\/v2\/posts\/9597\/revisions\/9599"}],"wp:featuredmedia":[{"embeddable":true,"href":"https:\/\/zonalimitrofe-cbnr.com\/index.php\/wp-json\/wp\/v2\/media\/9598"}],"wp:attachment":[{"href":"https:\/\/zonalimitrofe-cbnr.com\/index.php\/wp-json\/wp\/v2\/media?parent=9597"}],"wp:term":[{"taxonomy":"category","embeddable":true,"href":"https:\/\/zonalimitrofe-cbnr.com\/index.php\/wp-json\/wp\/v2\/categories?post=9597"},{"taxonomy":"post_tag","embeddable":true,"href":"https:\/\/zonalimitrofe-cbnr.com\/index.php\/wp-json\/wp\/v2\/tags?post=9597"}],"curies":[{"name":"wp","href":"https:\/\/api.w.org\/{rel}","templated":true}]}}