{"id":9579,"date":"2024-09-12T17:12:36","date_gmt":"2024-09-12T23:12:36","guid":{"rendered":"https:\/\/zonalimitrofe-cbnr.com\/?p=9579"},"modified":"2024-09-12T17:12:36","modified_gmt":"2024-09-12T23:12:36","slug":"gp-celebracion-del-grito-de-independencia-en-gomez-palacio-con-lorenzo-de-monteclaro","status":"publish","type":"post","link":"https:\/\/zonalimitrofe-cbnr.com\/index.php\/2024\/09\/12\/gp-celebracion-del-grito-de-independencia-en-gomez-palacio-con-lorenzo-de-monteclaro\/","title":{"rendered":"#GP. Celebraci\u00f3n del Grito de Independencia en G\u00f3mez Palacio con Lorenzo de Monteclaro*"},"content":{"rendered":"\n<p>El Ayuntamiento de G\u00f3mez Palacio que encabeza la Presidenta Municipal Leticia Herrera Ale, invita a la ciudadan\u00eda a conmemorar el 214 aniversario del Inicio de la lucha de Independencia de M\u00e9xico este domingo 15 de septiembre en la Explanada de la Presidencia Municipal. El evento contar\u00e1 con un amplio programa cultural, destacando la actuaci\u00f3n del \u00edcono de la m\u00fasica regional mexicana, Lorenzo de Monteclaro.<\/p>\n\n\n\n<p>Melissa Reuter P\u00e9rez, titular de Arte y Cultura, anunci\u00f3 que en la Plaza de Armas, la celebraci\u00f3n dar\u00e1 inicio a las 19:00 horas con la actuaci\u00f3n del Ballet Folcl\u00f3rico Solidaridad y la cantante Mayra Vargas. Luego, a las 19:30 horas, el Grupo Norte\u00f1o Los Palos ofrecer\u00e1 su espect\u00e1culo.<\/p>\n\n\n\n<p>A las 21:30 horas, en la Catedral de Santa Mar\u00eda de Guadalupe, se llevar\u00e1 a cabo la presentaci\u00f3n esc\u00e9nica del Grito de Dolores, evocando el hist\u00f3rico evento del 16 de septiembre de 1810.<\/p>\n\n\n\n<p>En la Explanada de la Presidencia Municipal, las actividades comenzar\u00e1n a partir de las 19:30 horas con la presentaci\u00f3n musical de Cristian Briones. A las 20:00 horas, el Coro de Ni\u00f1os Cantores de G\u00f3mez Palacio y la Banda Escuela Alberto M. Alvarado brindar\u00e1n un concierto, seguido por una presentaci\u00f3n cultural del Ballet Yohualli a las 20:30 horas. El grupo norte\u00f1o \u201cLos Due\u00f1oz\u201d Fara Fara animar\u00e1 el ambiente a las 21:15 horas.<\/p>\n\n\n\n<p>El Tradicional Grito de Independencia, tendr\u00e1 lugar en el balc\u00f3n de la Presidencia Municipal a las 22:45 horas, seguido de un espectacular show de pirotecnia a las 22:50 horas. La noche concluir\u00e1 con un concierto de Lorenzo de Monteclaro y la Banda Rancho Grande.<\/p>\n\n\n\n<p>A nombre de la alcaldesa Leticia Herrera Ale, la directora de Arte y Cultura Melissa Reuter P\u00e9rez reiter\u00f3 la invitaci\u00f3n para disfrutar de esta noche \u00fanica llena de m\u00fasica, danza y celebraci\u00f3n del orgullo nacional, y record\u00f3 que el d\u00eda 16 de septiembre, como ya es una tradici\u00f3n, se llevar\u00e1 a cabo el tradicional Desfile de Independencia.<\/p>\n","protected":false},"excerpt":{"rendered":"<p>El Ayuntamiento de G\u00f3mez Palacio que encabeza la Presidenta Municipal Leticia Herrera Ale, invita a la ciudadan\u00eda a conmemorar el 214 aniversario del Inicio de la lucha de Independencia de M\u00e9xico este domingo 15 de septiembre en la Explanada de la Presidencia Municipal. El evento contar\u00e1 con un amplio programa cultural, destacando la actuaci\u00f3n del [&hellip;]<\/p>\n","protected":false},"author":1,"featured_media":9580,"comment_status":"open","ping_status":"open","sticky":false,"template":"","format":"standard","meta":{"_monsterinsights_skip_tracking":false,"_monsterinsights_sitenote_active":false,"_monsterinsights_sitenote_note":"","_monsterinsights_sitenote_category":0,"footnotes":""},"categories":[1],"tags":[],"_links":{"self":[{"href":"https:\/\/zonalimitrofe-cbnr.com\/index.php\/wp-json\/wp\/v2\/posts\/9579"}],"collection":[{"href":"https:\/\/zonalimitrofe-cbnr.com\/index.php\/wp-json\/wp\/v2\/posts"}],"about":[{"href":"https:\/\/zonalimitrofe-cbnr.com\/index.php\/wp-json\/wp\/v2\/types\/post"}],"author":[{"embeddable":true,"href":"https:\/\/zonalimitrofe-cbnr.com\/index.php\/wp-json\/wp\/v2\/users\/1"}],"replies":[{"embeddable":true,"href":"https:\/\/zonalimitrofe-cbnr.com\/index.php\/wp-json\/wp\/v2\/comments?post=9579"}],"version-history":[{"count":1,"href":"https:\/\/zonalimitrofe-cbnr.com\/index.php\/wp-json\/wp\/v2\/posts\/9579\/revisions"}],"predecessor-version":[{"id":9581,"href":"https:\/\/zonalimitrofe-cbnr.com\/index.php\/wp-json\/wp\/v2\/posts\/9579\/revisions\/9581"}],"wp:featuredmedia":[{"embeddable":true,"href":"https:\/\/zonalimitrofe-cbnr.com\/index.php\/wp-json\/wp\/v2\/media\/9580"}],"wp:attachment":[{"href":"https:\/\/zonalimitrofe-cbnr.com\/index.php\/wp-json\/wp\/v2\/media?parent=9579"}],"wp:term":[{"taxonomy":"category","embeddable":true,"href":"https:\/\/zonalimitrofe-cbnr.com\/index.php\/wp-json\/wp\/v2\/categories?post=9579"},{"taxonomy":"post_tag","embeddable":true,"href":"https:\/\/zonalimitrofe-cbnr.com\/index.php\/wp-json\/wp\/v2\/tags?post=9579"}],"curies":[{"name":"wp","href":"https:\/\/api.w.org\/{rel}","templated":true}]}}