{"id":9552,"date":"2024-09-11T15:43:08","date_gmt":"2024-09-11T21:43:08","guid":{"rendered":"https:\/\/zonalimitrofe-cbnr.com\/?p=9552"},"modified":"2024-09-11T15:43:09","modified_gmt":"2024-09-11T21:43:09","slug":"durango-gobierno-encabezado-por-esteban-brinda-herramientas-a-padres-de-familia-de-la-region-laguna","status":"publish","type":"post","link":"https:\/\/zonalimitrofe-cbnr.com\/index.php\/2024\/09\/11\/durango-gobierno-encabezado-por-esteban-brinda-herramientas-a-padres-de-familia-de-la-region-laguna\/","title":{"rendered":"#Durango. GOBIERNO ENCABEZADO POR ESTEBAN BRINDA HERRAMIENTAS A PADRES DE FAMILIA DE LA REGI\u00d3N LAGUNA"},"content":{"rendered":"\n<ul>\n<li>El Programa Esmeralda trabaja en la prevenci\u00f3n de problemas que enfrentan los j\u00f3venes laguneros<\/li>\n<\/ul>\n\n\n\n<p>Comarca Lagunera.- Gracias la iniciativa del gobierno encabezado por Esteban Villegas Villarreal, a trav\u00e9s de la Secretar\u00eda de Seguridad P\u00fablica del Estado (SSP) y el Programa Esmeralda en la regi\u00f3n Laguna, se brindan herramientas a los padres de familia, para que hagan frente a problem\u00e1ticas que viven los j\u00f3venes y adolescentes en las escuelas secundarias y preparatorias de la regi\u00f3n Laguna.<br>La coordinadora del Programa Esmeralda en la regi\u00f3n Laguna, Ana Isabel Villegas Morales dio a conocer que entre las acciones de prevenci\u00f3n se imparten talleres y pl\u00e1ticas, como una tarea constante que se emprende en coordinaci\u00f3n con las Instituciones Educativas.<br>En este contexto, la coordinaci\u00f3n del Programa Esmeralda impartir\u00e1 una pl\u00e1tica dirigida a madres y padres de familia de adolescentes y j\u00f3venes, en la que se enfocan temas como la Ley Olimpia y Delitos Cibern\u00e9ticos. \u201cLa finalidad de estas pl\u00e1ticas es que ellos, como pap\u00e1s y respondientes de los menores, pongan atenci\u00f3n, para que est\u00e9n vigilantes y que no piensen que por ser menores de edad no tendr\u00e1n ninguna consecuencia\u201d, puntualiz\u00f3 la coordinadora.<br>Inform\u00f3 que ma\u00f1ana en punto de las 11 horas, se realizar\u00e1n la pl\u00e1tica, con padres de familia en la Escuela Secundaria H\u00e9roes An\u00f3nimos G\u00f3mez Palacio el FOCEP, para posteriormente continuar el CBTIS No. 4 donde brindar\u00e1n la asesor\u00eda a padres de familia de todo el alumnado.<br>Mencion\u00f3 que estas pl\u00e1ticas est\u00e1n disponibles para todas las instituciones educativas que as\u00ed lo requieran y pueden solicitarse marcando al n\u00famero 911 y pidiendo que los comuniquen al Programa Esmeralda.<br>Por \u00faltimo, mencion\u00f3 que este programa es una realidad gracias a la iniciativa por parte del Gobernador Esteban Villegas Villarreal y su inter\u00e9s para que la ni\u00f1ez y la juventud de Durango tengan una vida llena de oportunidades para salir adelante y formar un mejor Estado.<\/p>\n","protected":false},"excerpt":{"rendered":"<p>Comarca Lagunera.- Gracias la iniciativa del gobierno encabezado por Esteban Villegas Villarreal, a trav\u00e9s de la Secretar\u00eda de Seguridad P\u00fablica del Estado (SSP) y el Programa Esmeralda en la regi\u00f3n Laguna, se brindan herramientas a los padres de familia, para que hagan frente a problem\u00e1ticas que viven los j\u00f3venes y adolescentes en las escuelas secundarias [&hellip;]<\/p>\n","protected":false},"author":1,"featured_media":9553,"comment_status":"open","ping_status":"open","sticky":false,"template":"","format":"standard","meta":{"_monsterinsights_skip_tracking":false,"_monsterinsights_sitenote_active":false,"_monsterinsights_sitenote_note":"","_monsterinsights_sitenote_category":0,"footnotes":""},"categories":[1],"tags":[],"_links":{"self":[{"href":"https:\/\/zonalimitrofe-cbnr.com\/index.php\/wp-json\/wp\/v2\/posts\/9552"}],"collection":[{"href":"https:\/\/zonalimitrofe-cbnr.com\/index.php\/wp-json\/wp\/v2\/posts"}],"about":[{"href":"https:\/\/zonalimitrofe-cbnr.com\/index.php\/wp-json\/wp\/v2\/types\/post"}],"author":[{"embeddable":true,"href":"https:\/\/zonalimitrofe-cbnr.com\/index.php\/wp-json\/wp\/v2\/users\/1"}],"replies":[{"embeddable":true,"href":"https:\/\/zonalimitrofe-cbnr.com\/index.php\/wp-json\/wp\/v2\/comments?post=9552"}],"version-history":[{"count":1,"href":"https:\/\/zonalimitrofe-cbnr.com\/index.php\/wp-json\/wp\/v2\/posts\/9552\/revisions"}],"predecessor-version":[{"id":9554,"href":"https:\/\/zonalimitrofe-cbnr.com\/index.php\/wp-json\/wp\/v2\/posts\/9552\/revisions\/9554"}],"wp:featuredmedia":[{"embeddable":true,"href":"https:\/\/zonalimitrofe-cbnr.com\/index.php\/wp-json\/wp\/v2\/media\/9553"}],"wp:attachment":[{"href":"https:\/\/zonalimitrofe-cbnr.com\/index.php\/wp-json\/wp\/v2\/media?parent=9552"}],"wp:term":[{"taxonomy":"category","embeddable":true,"href":"https:\/\/zonalimitrofe-cbnr.com\/index.php\/wp-json\/wp\/v2\/categories?post=9552"},{"taxonomy":"post_tag","embeddable":true,"href":"https:\/\/zonalimitrofe-cbnr.com\/index.php\/wp-json\/wp\/v2\/tags?post=9552"}],"curies":[{"name":"wp","href":"https:\/\/api.w.org\/{rel}","templated":true}]}}