{"id":9539,"date":"2024-09-11T15:22:22","date_gmt":"2024-09-11T21:22:22","guid":{"rendered":"https:\/\/zonalimitrofe-cbnr.com\/?p=9539"},"modified":"2024-09-11T15:22:22","modified_gmt":"2024-09-11T21:22:22","slug":"lerdo-encabeza-homero-martinez-reunion-para-afinar-detalles-de-los-festejos-patrios","status":"publish","type":"post","link":"https:\/\/zonalimitrofe-cbnr.com\/index.php\/2024\/09\/11\/lerdo-encabeza-homero-martinez-reunion-para-afinar-detalles-de-los-festejos-patrios\/","title":{"rendered":"#Lerdo. ENCABEZA HOMERO MART\u00cdNEZ REUNI\u00d3N PARA AFINAR DETALLES DE LOS FESTEJOS PATRIOS*"},"content":{"rendered":"\n<p>Lerdo, 11 de septiembre 2024.- El Presidente Municipal, Homero Mart\u00ednez Cabrera, encabez\u00f3 una reuni\u00f3n con su gabinete de gobierno, para afinar los festejos patrios a desarrollarse este pr\u00f3ximo fin de semana, en donde dio indicaciones a las dependencias de operativas a coordinarse para garantizar un saldo blanco, coordinados en todo momento con el Mando Especial de La Laguna.<\/p>\n\n\n\n<p>La reuni\u00f3n se llev\u00f3 a cabo en la \u00b4Sala Presidentes\u00b4, ubicada en el despacho de la Presidencia Municipal, donde cada uno de los directores involucrados en los eventos del grito de independencia, los eventos culturales y el desfile c\u00edvico-militar, dieron parte de los preparativos que se llevan a cabo.<\/p>\n\n\n\n<p>De acuerdo al programa establecido, el d\u00eda 15 de septiembre, se llevar\u00e1 a cabo una fiesta mexicana, que incluir\u00e1 un espect\u00e1culo art\u00edstico, iniciando en punto de las 8:30 de la noche, con Banda M, posteriormente a las 9:30 el artista Valerio Gayt\u00e1n, la ceremonia del Grito de Independencia iniciar\u00e1 a las 10:30 de la noche que incluir\u00e1 un espect\u00e1culo de pirotecnia y para finalizar el evento, se dar\u00e1 inicio al concierto de \u00b4Los Rieleros del Norte\u00b4.<\/p>\n\n\n\n<p>Cabe se\u00f1alar que el paseo Sarabia, y cales aleda\u00f1as a la Plaza Principal, como la Allende y Sarabia, permanecer\u00e1n cerradas a partir del s\u00e1bado 14 de septiembre, a medio d\u00eda, para la instalaci\u00f3n del escenario.<\/p>\n\n\n\n<p>El d\u00eda lunes 16 de septiembre, se realizar\u00e1 el desfile c\u00edvico-militar, en punto de las 4:00 de la tarde, dando inicio en el Parque Victoria.<\/p>\n","protected":false},"excerpt":{"rendered":"<p>Lerdo, 11 de septiembre 2024.- El Presidente Municipal, Homero Mart\u00ednez Cabrera, encabez\u00f3 una reuni\u00f3n con su gabinete de gobierno, para afinar los festejos patrios a desarrollarse este pr\u00f3ximo fin de semana, en donde dio indicaciones a las dependencias de operativas a coordinarse para garantizar un saldo blanco, coordinados en todo momento con el Mando Especial [&hellip;]<\/p>\n","protected":false},"author":1,"featured_media":9540,"comment_status":"open","ping_status":"open","sticky":false,"template":"","format":"standard","meta":{"_monsterinsights_skip_tracking":false,"_monsterinsights_sitenote_active":false,"_monsterinsights_sitenote_note":"","_monsterinsights_sitenote_category":0,"footnotes":""},"categories":[1],"tags":[],"_links":{"self":[{"href":"https:\/\/zonalimitrofe-cbnr.com\/index.php\/wp-json\/wp\/v2\/posts\/9539"}],"collection":[{"href":"https:\/\/zonalimitrofe-cbnr.com\/index.php\/wp-json\/wp\/v2\/posts"}],"about":[{"href":"https:\/\/zonalimitrofe-cbnr.com\/index.php\/wp-json\/wp\/v2\/types\/post"}],"author":[{"embeddable":true,"href":"https:\/\/zonalimitrofe-cbnr.com\/index.php\/wp-json\/wp\/v2\/users\/1"}],"replies":[{"embeddable":true,"href":"https:\/\/zonalimitrofe-cbnr.com\/index.php\/wp-json\/wp\/v2\/comments?post=9539"}],"version-history":[{"count":1,"href":"https:\/\/zonalimitrofe-cbnr.com\/index.php\/wp-json\/wp\/v2\/posts\/9539\/revisions"}],"predecessor-version":[{"id":9541,"href":"https:\/\/zonalimitrofe-cbnr.com\/index.php\/wp-json\/wp\/v2\/posts\/9539\/revisions\/9541"}],"wp:featuredmedia":[{"embeddable":true,"href":"https:\/\/zonalimitrofe-cbnr.com\/index.php\/wp-json\/wp\/v2\/media\/9540"}],"wp:attachment":[{"href":"https:\/\/zonalimitrofe-cbnr.com\/index.php\/wp-json\/wp\/v2\/media?parent=9539"}],"wp:term":[{"taxonomy":"category","embeddable":true,"href":"https:\/\/zonalimitrofe-cbnr.com\/index.php\/wp-json\/wp\/v2\/categories?post=9539"},{"taxonomy":"post_tag","embeddable":true,"href":"https:\/\/zonalimitrofe-cbnr.com\/index.php\/wp-json\/wp\/v2\/tags?post=9539"}],"curies":[{"name":"wp","href":"https:\/\/api.w.org\/{rel}","templated":true}]}}