{"id":9536,"date":"2024-09-11T15:18:34","date_gmt":"2024-09-11T21:18:34","guid":{"rendered":"https:\/\/zonalimitrofe-cbnr.com\/?p=9536"},"modified":"2024-09-11T15:18:34","modified_gmt":"2024-09-11T21:18:34","slug":"gp-invitan-a-jovenes-gomezpalatinos-a-participar-en-el-juve-fest-2024","status":"publish","type":"post","link":"https:\/\/zonalimitrofe-cbnr.com\/index.php\/2024\/09\/11\/gp-invitan-a-jovenes-gomezpalatinos-a-participar-en-el-juve-fest-2024\/","title":{"rendered":"#GP. Invitan a j\u00f3venes gomezpalatinos a participar en el \u201cJuve Fest 2024\u201d"},"content":{"rendered":"\n<p>El Ayuntamiento de G\u00f3mez Palacio, a trav\u00e9s del Instituto Municipal de la Juventud, invita a los j\u00f3venes talentosos en m\u00fasica y danza a inscribirse en el \u201cJuve Fest 2024\u201d, un festival organizado por y para los j\u00f3venes.<\/p>\n\n\n\n<p>Sof\u00eda Carriedo Garc\u00eda, directora del IMJ, anunci\u00f3 que el evento que tiene como objetivo celebrar a los j\u00f3venes se realizar\u00e1 el s\u00e1bado 21 de septiembre a las 18:00 horas en la Plaza de Armas.<\/p>\n\n\n\n<p>La directora inform\u00f3 que todav\u00eda hay espacios disponibles para participar de forma individual o en grupo en categor\u00edas como baile, canto, danza folcl\u00f3rica, rap y stand-up. Adem\u00e1s, durante el festival, los j\u00f3venes emprendedores tendr\u00e1n la oportunidad de exhibir y vender sus productos, apoyando as\u00ed su econom\u00eda.<\/p>\n\n\n\n<p>Carriedo Garc\u00eda destac\u00f3 que para la Presidenta Municipal Leticia Herrera Ale, proporcionar a los j\u00f3venes herramientas para su desarrollo es una prioridad. Por ello, ha apoyado la realizaci\u00f3n de diversos eventos relacionados para conmemorar el Mes de la Juventud, como el Cabildo Joven, el torneo de futbol \u201cEchando la Reta\u201d, y la premiaci\u00f3n a los j\u00f3venes destacados, culminando con el Juve Fest 2024, en el contexto del D\u00eda Internacional de la Juventud celebrado en agosto.<\/p>\n\n\n\n<p>Finalmente, invita a los interesados en participar en el festival o que deseen un espacio en el Mercado Emprendedor a visitar las instalaciones del Instituto Municipal de la Juventud, ubicadas en Calle Santiago Lav\u00edn #327, colonia Centro, o a llamar al 8716883988 para obtener m\u00e1s informaci\u00f3n.<\/p>\n","protected":false},"excerpt":{"rendered":"<p>El Ayuntamiento de G\u00f3mez Palacio, a trav\u00e9s del Instituto Municipal de la Juventud, invita a los j\u00f3venes talentosos en m\u00fasica y danza a inscribirse en el \u201cJuve Fest 2024\u201d, un festival organizado por y para los j\u00f3venes. Sof\u00eda Carriedo Garc\u00eda, directora del IMJ, anunci\u00f3 que el evento que tiene como objetivo celebrar a los j\u00f3venes [&hellip;]<\/p>\n","protected":false},"author":1,"featured_media":9537,"comment_status":"open","ping_status":"open","sticky":false,"template":"","format":"standard","meta":{"_monsterinsights_skip_tracking":false,"_monsterinsights_sitenote_active":false,"_monsterinsights_sitenote_note":"","_monsterinsights_sitenote_category":0,"footnotes":""},"categories":[1],"tags":[],"_links":{"self":[{"href":"https:\/\/zonalimitrofe-cbnr.com\/index.php\/wp-json\/wp\/v2\/posts\/9536"}],"collection":[{"href":"https:\/\/zonalimitrofe-cbnr.com\/index.php\/wp-json\/wp\/v2\/posts"}],"about":[{"href":"https:\/\/zonalimitrofe-cbnr.com\/index.php\/wp-json\/wp\/v2\/types\/post"}],"author":[{"embeddable":true,"href":"https:\/\/zonalimitrofe-cbnr.com\/index.php\/wp-json\/wp\/v2\/users\/1"}],"replies":[{"embeddable":true,"href":"https:\/\/zonalimitrofe-cbnr.com\/index.php\/wp-json\/wp\/v2\/comments?post=9536"}],"version-history":[{"count":1,"href":"https:\/\/zonalimitrofe-cbnr.com\/index.php\/wp-json\/wp\/v2\/posts\/9536\/revisions"}],"predecessor-version":[{"id":9538,"href":"https:\/\/zonalimitrofe-cbnr.com\/index.php\/wp-json\/wp\/v2\/posts\/9536\/revisions\/9538"}],"wp:featuredmedia":[{"embeddable":true,"href":"https:\/\/zonalimitrofe-cbnr.com\/index.php\/wp-json\/wp\/v2\/media\/9537"}],"wp:attachment":[{"href":"https:\/\/zonalimitrofe-cbnr.com\/index.php\/wp-json\/wp\/v2\/media?parent=9536"}],"wp:term":[{"taxonomy":"category","embeddable":true,"href":"https:\/\/zonalimitrofe-cbnr.com\/index.php\/wp-json\/wp\/v2\/categories?post=9536"},{"taxonomy":"post_tag","embeddable":true,"href":"https:\/\/zonalimitrofe-cbnr.com\/index.php\/wp-json\/wp\/v2\/tags?post=9536"}],"curies":[{"name":"wp","href":"https:\/\/api.w.org\/{rel}","templated":true}]}}