{"id":9524,"date":"2024-09-11T15:06:29","date_gmt":"2024-09-11T21:06:29","guid":{"rendered":"https:\/\/zonalimitrofe-cbnr.com\/?p=9524"},"modified":"2024-09-11T15:06:29","modified_gmt":"2024-09-11T21:06:29","slug":"gp-ayuntamiento-de-gomez-palacio-ofrece-platicas-en-empresas-sobre-educacion-y-cultura-vial","status":"publish","type":"post","link":"https:\/\/zonalimitrofe-cbnr.com\/index.php\/2024\/09\/11\/gp-ayuntamiento-de-gomez-palacio-ofrece-platicas-en-empresas-sobre-educacion-y-cultura-vial\/","title":{"rendered":"#GP. Ayuntamiento de G\u00f3mez Palacio ofrece pl\u00e1ticas en empresas sobre educaci\u00f3n y cultura vial"},"content":{"rendered":"\n<p>El Ayuntamiento de G\u00f3mez Palacio, a trav\u00e9s de la Direcci\u00f3n de Tr\u00e1nsito y Vialidad, visit\u00f3 las instalaciones de Grupo Lala (Cedis G\u00f3mez Palacio) para impartir capacitaci\u00f3n en educaci\u00f3n y cultura vial al personal de esta empresa.<\/p>\n\n\n\n<p>Juan de Dios Luna Graciano, jefe operativo de la corporaci\u00f3n, indic\u00f3 que esta actividad se llev\u00f3 a cabo en el marco del Mes de la Seguridad Vial, que Grupo Lala celebra anualmente con el objetivo de promover la educaci\u00f3n vial adecuada y la prevenci\u00f3n de accidentes entre sus trabajadores.<\/p>\n\n\n\n<p>El jefe operativo destac\u00f3 que la Presidenta Municipal Leticia Herrera Ale apoya firmemente estos cursos, ya que durante su administraci\u00f3n es prioritario enfocarse en salvaguardar la integridad y vida de los ciudadanos.<\/p>\n\n\n\n<p>La capacitaci\u00f3n est\u00e1 dise\u00f1ada para prevenir accidentes y fomentar una cultura de respeto y responsabilidad al volante. Adem\u00e1s, extendi\u00f3 una invitaci\u00f3n a empresas, centros de trabajo e instituciones educativas para promover este tipo de capacitaciones.<\/p>\n\n\n\n<p>\u201cLa educaci\u00f3n vial no solo es tarea de las autoridades, sino de toda la comunidad. Invitamos a todos a unirse a estas iniciativas para lograr una movilidad urbana m\u00e1s segura para todos\u201d, expres\u00f3. Los interesados pueden agendar una cita en las instalaciones de Vialidad, ubicadas en el bulevar Jos\u00e9 Rebollo Acosta 560, esquina con Armando del Castillo.<\/p>\n","protected":false},"excerpt":{"rendered":"<p>El Ayuntamiento de G\u00f3mez Palacio, a trav\u00e9s de la Direcci\u00f3n de Tr\u00e1nsito y Vialidad, visit\u00f3 las instalaciones de Grupo Lala (Cedis G\u00f3mez Palacio) para impartir capacitaci\u00f3n en educaci\u00f3n y cultura vial al personal de esta empresa. Juan de Dios Luna Graciano, jefe operativo de la corporaci\u00f3n, indic\u00f3 que esta actividad se llev\u00f3 a cabo en [&hellip;]<\/p>\n","protected":false},"author":1,"featured_media":9525,"comment_status":"open","ping_status":"open","sticky":false,"template":"","format":"standard","meta":{"_monsterinsights_skip_tracking":false,"_monsterinsights_sitenote_active":false,"_monsterinsights_sitenote_note":"","_monsterinsights_sitenote_category":0,"footnotes":""},"categories":[1],"tags":[],"_links":{"self":[{"href":"https:\/\/zonalimitrofe-cbnr.com\/index.php\/wp-json\/wp\/v2\/posts\/9524"}],"collection":[{"href":"https:\/\/zonalimitrofe-cbnr.com\/index.php\/wp-json\/wp\/v2\/posts"}],"about":[{"href":"https:\/\/zonalimitrofe-cbnr.com\/index.php\/wp-json\/wp\/v2\/types\/post"}],"author":[{"embeddable":true,"href":"https:\/\/zonalimitrofe-cbnr.com\/index.php\/wp-json\/wp\/v2\/users\/1"}],"replies":[{"embeddable":true,"href":"https:\/\/zonalimitrofe-cbnr.com\/index.php\/wp-json\/wp\/v2\/comments?post=9524"}],"version-history":[{"count":1,"href":"https:\/\/zonalimitrofe-cbnr.com\/index.php\/wp-json\/wp\/v2\/posts\/9524\/revisions"}],"predecessor-version":[{"id":9526,"href":"https:\/\/zonalimitrofe-cbnr.com\/index.php\/wp-json\/wp\/v2\/posts\/9524\/revisions\/9526"}],"wp:featuredmedia":[{"embeddable":true,"href":"https:\/\/zonalimitrofe-cbnr.com\/index.php\/wp-json\/wp\/v2\/media\/9525"}],"wp:attachment":[{"href":"https:\/\/zonalimitrofe-cbnr.com\/index.php\/wp-json\/wp\/v2\/media?parent=9524"}],"wp:term":[{"taxonomy":"category","embeddable":true,"href":"https:\/\/zonalimitrofe-cbnr.com\/index.php\/wp-json\/wp\/v2\/categories?post=9524"},{"taxonomy":"post_tag","embeddable":true,"href":"https:\/\/zonalimitrofe-cbnr.com\/index.php\/wp-json\/wp\/v2\/tags?post=9524"}],"curies":[{"name":"wp","href":"https:\/\/api.w.org\/{rel}","templated":true}]}}