{"id":9521,"date":"2024-09-11T15:03:55","date_gmt":"2024-09-11T21:03:55","guid":{"rendered":"https:\/\/zonalimitrofe-cbnr.com\/?p=9521"},"modified":"2024-09-11T15:03:56","modified_gmt":"2024-09-11T21:03:56","slug":"lerdo-impulsan-turismo-con-tu-fin-de-semana-en-lerdo","status":"publish","type":"post","link":"https:\/\/zonalimitrofe-cbnr.com\/index.php\/2024\/09\/11\/lerdo-impulsan-turismo-con-tu-fin-de-semana-en-lerdo\/","title":{"rendered":"#Lerdo. IMPULSAN TUR\u00cdSMO CON \u201cTU FIN DE SEMANA EN LERDO\u201d"},"content":{"rendered":"\n<p>Lerdo, Durango, 11 de septiembre de 2024 \u2014 El pr\u00f3ximo s\u00e1bado 14 de septiembre, los residentes de lerdo y visitantes, tendr\u00e1n la oportunidad de participar en un recorrido tur\u00edstico \u00fanico que partir\u00e1 a las 12:00 P.M. Partiendo de la plazuela Benito Ju\u00e1rez hasta el Zool\u00f3gico de Villa Ju\u00e1rez. Dentro del programa \u201cTu Fin de Semana en Lerdo\u201d. Iniciativa promovida por la diputada local Susy Torrecillas y que es impulsada por el presidente municipal Homero Mart\u00ednez Cabrera.<\/p>\n\n\n\n<p>Este evento no solo busca atraer a turistas, sino tambi\u00e9n fortalecer el sentido de identidad local y el aprecio por el patrimonio cultural de Lerdo. Al destacar lugares emblem\u00e1ticos y ofrecer una experiencia educativa y recreativa, el recorrido est\u00e1 dise\u00f1ado para que los participantes conozcan mejor la historia y los atractivos de la ciudad.<\/p>\n\n\n\n<p>El recorrido incluir\u00e1 visitas a puntos de inter\u00e9s como la Estaci\u00f3n Avi\u00f3n de Sarabia, donde los asistentes aprender\u00e1n sobre el c\u00e9lebre piloto aviador Francisco Sarabia Tinoco, as\u00ed como al \u00c1ngel del Amor, el reloj, el Quiosco de la Plaza, la Parroquia del Sagrado Coraz\u00f3n y la Presidencia Municipal. Adem\u00e1s, quienes acudan podr\u00e1n disfrutar de una estaci\u00f3n sorpresa, a\u00f1adiendo un toque de misterio y entusiasmo al evento.<\/p>\n\n\n\n<p>Este tipo de actividades son cruciales para fomentar el turismo local, ya que ofrecen una forma atractiva de mostrar los recursos culturales y naturales de Lerdo, al mismo tiempo que estimulan la econom\u00eda local y promueven la participaci\u00f3n comunitaria.<\/p>\n\n\n\n<p>El compromiso del presidente municipal, Homero Mart\u00ednez Cabrera, con el desarrollo del turismo en Lerdo es evidente. Su visi\u00f3n incluye no solo la promoci\u00f3n de eventos como este, sino tambi\u00e9n la mejora de la infraestructura tur\u00edstica y la creaci\u00f3n de oportunidades para que los residentes y turistas disfruten de la riqueza cultural de la regi\u00f3n. Bajo su liderazgo, Lerdo ha visto un renovado enfoque en la valorizaci\u00f3n de sus tradiciones y en la generaci\u00f3n de actividades que benefician a todos.<\/p>\n\n\n\n<p>El costo por persona al recorrido es de $100 y el cupo es limitado. Para m\u00e1s informaci\u00f3n, los interesados pueden visitar el nuevo Centro de Informaci\u00f3n Tur\u00edstica, ubicado al interior de la Plazuela Benito Ju\u00e1rez sobre la calle Coronado, o comunicarse a trav\u00e9s de la p\u00e1gina de Facebook \u201cTu fin de semana en Lerdo\u201d. Adem\u00e1s de realizar el pago con anticipaci\u00f3n, a trav\u00e9s de esta p\u00e1gina se podr\u00e1 recibir informaci\u00f3n sobre futuros paseos dentro del municipio.<\/p>\n","protected":false},"excerpt":{"rendered":"<p>Lerdo, Durango, 11 de septiembre de 2024 \u2014 El pr\u00f3ximo s\u00e1bado 14 de septiembre, los residentes de lerdo y visitantes, tendr\u00e1n la oportunidad de participar en un recorrido tur\u00edstico \u00fanico que partir\u00e1 a las 12:00 P.M. Partiendo de la plazuela Benito Ju\u00e1rez hasta el Zool\u00f3gico de Villa Ju\u00e1rez. Dentro del programa \u201cTu Fin de Semana [&hellip;]<\/p>\n","protected":false},"author":1,"featured_media":9522,"comment_status":"open","ping_status":"open","sticky":false,"template":"","format":"standard","meta":{"_monsterinsights_skip_tracking":false,"_monsterinsights_sitenote_active":false,"_monsterinsights_sitenote_note":"","_monsterinsights_sitenote_category":0,"footnotes":""},"categories":[1],"tags":[],"_links":{"self":[{"href":"https:\/\/zonalimitrofe-cbnr.com\/index.php\/wp-json\/wp\/v2\/posts\/9521"}],"collection":[{"href":"https:\/\/zonalimitrofe-cbnr.com\/index.php\/wp-json\/wp\/v2\/posts"}],"about":[{"href":"https:\/\/zonalimitrofe-cbnr.com\/index.php\/wp-json\/wp\/v2\/types\/post"}],"author":[{"embeddable":true,"href":"https:\/\/zonalimitrofe-cbnr.com\/index.php\/wp-json\/wp\/v2\/users\/1"}],"replies":[{"embeddable":true,"href":"https:\/\/zonalimitrofe-cbnr.com\/index.php\/wp-json\/wp\/v2\/comments?post=9521"}],"version-history":[{"count":1,"href":"https:\/\/zonalimitrofe-cbnr.com\/index.php\/wp-json\/wp\/v2\/posts\/9521\/revisions"}],"predecessor-version":[{"id":9523,"href":"https:\/\/zonalimitrofe-cbnr.com\/index.php\/wp-json\/wp\/v2\/posts\/9521\/revisions\/9523"}],"wp:featuredmedia":[{"embeddable":true,"href":"https:\/\/zonalimitrofe-cbnr.com\/index.php\/wp-json\/wp\/v2\/media\/9522"}],"wp:attachment":[{"href":"https:\/\/zonalimitrofe-cbnr.com\/index.php\/wp-json\/wp\/v2\/media?parent=9521"}],"wp:term":[{"taxonomy":"category","embeddable":true,"href":"https:\/\/zonalimitrofe-cbnr.com\/index.php\/wp-json\/wp\/v2\/categories?post=9521"},{"taxonomy":"post_tag","embeddable":true,"href":"https:\/\/zonalimitrofe-cbnr.com\/index.php\/wp-json\/wp\/v2\/tags?post=9521"}],"curies":[{"name":"wp","href":"https:\/\/api.w.org\/{rel}","templated":true}]}}