{"id":9499,"date":"2024-09-10T17:20:40","date_gmt":"2024-09-10T23:20:40","guid":{"rendered":"https:\/\/zonalimitrofe-cbnr.com\/?p=9499"},"modified":"2024-09-10T17:20:40","modified_gmt":"2024-09-10T23:20:40","slug":"gp-brinda-dif-gomez-palacio-platicas-de-manejo-de-emociones-a-padres-de-familia","status":"publish","type":"post","link":"https:\/\/zonalimitrofe-cbnr.com\/index.php\/2024\/09\/10\/gp-brinda-dif-gomez-palacio-platicas-de-manejo-de-emociones-a-padres-de-familia\/","title":{"rendered":"#GP. Brinda DIF G\u00f3mez Palacio pl\u00e1ticas de \u201cManejo de Emociones\u201d a padres de familia*"},"content":{"rendered":"\n<p>El Sistema para el Desarrollo Integral de la Familia (DIF) de G\u00f3mez Palacio, a trav\u00e9s del Departamento de Fortalecimiento Familiar, Humano y de Valores, llev\u00f3 a cabo la pl\u00e1tica \u201cManejo de Emociones\u201d en la Escuela Secundaria T\u00e9cnica No. 80, dirigida a una gran cantidad de padres y madres de familia.<\/p>\n\n\n\n<p>Brenda Calder\u00f3n Carrete, titular del DIF en el municipio, explic\u00f3 que tras un incidente al inicio del ciclo escolar donde tres estudiantes consumieron medicamentos poniendo sus vidas en riesgo, la directora del plantel y el jefe de la Zona Escolar 03 solicitaron apoyo al DIF de G\u00f3mez Palacio.<\/p>\n\n\n\n<p>En esta escuela se impartieron talleres para proporcionar a los padres de familia herramientas necesarias para manejar las emociones de sus hijos.<\/p>\n\n\n\n<p>El personal del Departamento de Fortalecimiento Familiar, Humano y de Valores dijo a los padres presentes que: sin una gesti\u00f3n asertiva de las emociones, los resultados no ser\u00e1n favorables. \u201cSi no cambiamos, seguiremos contribuyendo a formar hijos llenos de inseguridades y con baja autoestima\u201d.<\/p>\n\n\n\n<p>Adem\u00e1s, destacaron la importancia de saber regular las emociones para no solo comprenderlas, sino tambi\u00e9n aceptarlas. \u201cEs crucial reconocer las se\u00f1ales de alerta y evaluar qu\u00e9 est\u00e1 sucediendo dentro de nuestra familia\u201d.<\/p>\n\n\n\n<p>Entender y gestionar las emociones facilitas a los padres la b\u00fasqueda de apoyo a trav\u00e9s de terapia psicol\u00f3gica, detectar a tiempo la violencia y entender la importancia de la comunicaci\u00f3n asertiva y el amor, que implica no solo abrazos sino tambi\u00e9n cuidados, responsabilidad y respeto.<\/p>\n\n\n\n<p>Lenia Prado, titular de la Procuradur\u00eda de Protecci\u00f3n de Ni\u00f1os, Ni\u00f1as y Adolescentes, advirti\u00f3 a los padres que la falta cr\u00f3nica de atenci\u00f3n m\u00e9dica, psicol\u00f3gica, psiqui\u00e1trica (seg\u00fan sea el caso), alimento, cuidados e higiene constituye una omisi\u00f3n de cuidados y, seg\u00fan la ley, es un delito que podr\u00eda acarrear sanciones.<\/p>\n\n\n\n<p>Al finalizar, padres de familia, maestros y directivos del plantel enviaron un agradecimiento a la Presidenta Municipal Leticia Herrera Ale por hacer posible una pronta respuesta ante esta petici\u00f3n hecha por directivos y padres de familia.<\/p>\n","protected":false},"excerpt":{"rendered":"<p>El Sistema para el Desarrollo Integral de la Familia (DIF) de G\u00f3mez Palacio, a trav\u00e9s del Departamento de Fortalecimiento Familiar, Humano y de Valores, llev\u00f3 a cabo la pl\u00e1tica \u201cManejo de Emociones\u201d en la Escuela Secundaria T\u00e9cnica No. 80, dirigida a una gran cantidad de padres y madres de familia. Brenda Calder\u00f3n Carrete, titular del [&hellip;]<\/p>\n","protected":false},"author":1,"featured_media":9500,"comment_status":"open","ping_status":"open","sticky":false,"template":"","format":"standard","meta":{"_monsterinsights_skip_tracking":false,"_monsterinsights_sitenote_active":false,"_monsterinsights_sitenote_note":"","_monsterinsights_sitenote_category":0,"footnotes":""},"categories":[1],"tags":[],"_links":{"self":[{"href":"https:\/\/zonalimitrofe-cbnr.com\/index.php\/wp-json\/wp\/v2\/posts\/9499"}],"collection":[{"href":"https:\/\/zonalimitrofe-cbnr.com\/index.php\/wp-json\/wp\/v2\/posts"}],"about":[{"href":"https:\/\/zonalimitrofe-cbnr.com\/index.php\/wp-json\/wp\/v2\/types\/post"}],"author":[{"embeddable":true,"href":"https:\/\/zonalimitrofe-cbnr.com\/index.php\/wp-json\/wp\/v2\/users\/1"}],"replies":[{"embeddable":true,"href":"https:\/\/zonalimitrofe-cbnr.com\/index.php\/wp-json\/wp\/v2\/comments?post=9499"}],"version-history":[{"count":1,"href":"https:\/\/zonalimitrofe-cbnr.com\/index.php\/wp-json\/wp\/v2\/posts\/9499\/revisions"}],"predecessor-version":[{"id":9501,"href":"https:\/\/zonalimitrofe-cbnr.com\/index.php\/wp-json\/wp\/v2\/posts\/9499\/revisions\/9501"}],"wp:featuredmedia":[{"embeddable":true,"href":"https:\/\/zonalimitrofe-cbnr.com\/index.php\/wp-json\/wp\/v2\/media\/9500"}],"wp:attachment":[{"href":"https:\/\/zonalimitrofe-cbnr.com\/index.php\/wp-json\/wp\/v2\/media?parent=9499"}],"wp:term":[{"taxonomy":"category","embeddable":true,"href":"https:\/\/zonalimitrofe-cbnr.com\/index.php\/wp-json\/wp\/v2\/categories?post=9499"},{"taxonomy":"post_tag","embeddable":true,"href":"https:\/\/zonalimitrofe-cbnr.com\/index.php\/wp-json\/wp\/v2\/tags?post=9499"}],"curies":[{"name":"wp","href":"https:\/\/api.w.org\/{rel}","templated":true}]}}