{"id":9490,"date":"2024-09-10T17:09:17","date_gmt":"2024-09-10T23:09:17","guid":{"rendered":"https:\/\/zonalimitrofe-cbnr.com\/?p=9490"},"modified":"2024-09-10T17:09:17","modified_gmt":"2024-09-10T23:09:17","slug":"torreon-jovenes-activan-campana-inicia-la-conversacion-para-la-prevencion-del-suicidio","status":"publish","type":"post","link":"https:\/\/zonalimitrofe-cbnr.com\/index.php\/2024\/09\/10\/torreon-jovenes-activan-campana-inicia-la-conversacion-para-la-prevencion-del-suicidio\/","title":{"rendered":"#Torre\u00f3n. J\u00f3venes activan campa\u00f1a \u201cInicia la conversaci\u00f3n\u201d, para la prevenci\u00f3n del suicidio"},"content":{"rendered":"\n<p>Torre\u00f3n, Coahuila a 10 de septiembre de 2024.<\/p>\n\n\n\n<p>En el marco del D\u00eda Mundial de la Prevenci\u00f3n del Suicidio, el 10 de septiembre, la Direcci\u00f3n de la Juventud de Torre\u00f3n, inici\u00f3 una campa\u00f1a en conjunto con el colectivo \u201cX salud mental\u201d.<\/p>\n\n\n\n<p>El encargado del despacho de la direcci\u00f3n, Oswaldo Maldonado Serrano, dio a conocer que la campa\u00f1a \u201cInicia la conversaci\u00f3n\u201d, se activ\u00f3 el domingo en el Paseo Col\u00f3n, donde se entregaron a los paseantes, folletos que contienen informaci\u00f3n sobre consejos para apoyar a una persona con ideas suicidas.<\/p>\n\n\n\n<p>Dijo que tambi\u00e9n se llevar\u00e1 a varias instituciones educativas, para tener un acercamiento con los j\u00f3venes.<\/p>\n\n\n\n<p>\u201cEsta actividad tiene el prop\u00f3sito de entablar una charla, ya que est\u00e1 comprobado que conversar con una persona que tiene tendencias suicidas, disminuye el riesgo de que lo haga\u201d, se\u00f1al\u00f3.<\/p>\n\n\n\n<p>Explic\u00f3 que la actividad consiste en poner cajitas con mo\u00f1os amarillos para tomar y entregar uno a otra persona, acompa\u00f1ado con alguna frase con la que le exprese que estar\u00e1 presente para \u00e9l o ella, en caso de que est\u00e9 pasando alguna situaci\u00f3n dif\u00edcil.<\/p>\n\n\n\n<p>Acerca de los consejos que se comparten en los folletos, est\u00e1 el de no invalidar o intentar minimizar las emociones del otro, hacerle saber lo importante que es y mostrar inter\u00e9s por la situaci\u00f3n que est\u00e9 pasando.<\/p>\n\n\n\n<p>Adem\u00e1s, crear un plan de crisis, como hacer actividades que lo hagan sentir mejor en momentos dif\u00edciles y que sean para su bienestar.<\/p>\n\n\n\n<p>La Organizaci\u00f3n Mundial de la Salud (OMS), se\u00f1ala al suicidio como un problema multifactorial, que resulta de una compleja interacci\u00f3n de aspectos biol\u00f3gicos, gen\u00e9ticos, psicol\u00f3gicos, sociol\u00f3gicos y ambientales.<\/p>\n\n\n\n<p>La campa\u00f1a antes mencionada, se llevar\u00e1 a varias instituciones educativas, as\u00ed como a dependencias gubernamentales con la finalidad de brindar apoyo y herramientas para prevenir el suicidio.<\/p>\n\n\n\n<p>Maldonado Serrano mencion\u00f3 que en caso de necesitar ayuda, pueden comunicarse a:<\/p>\n\n\n\n<p>L\u00ednea de la vida 800 911 200, disponible 24 horas, o a organizaciones como \u201cAqu\u00ed estoy chat\u201d, as\u00ed como al n\u00famero de emergencia 911.<\/p>\n","protected":false},"excerpt":{"rendered":"<p>Torre\u00f3n, Coahuila a 10 de septiembre de 2024. En el marco del D\u00eda Mundial de la Prevenci\u00f3n del Suicidio, el 10 de septiembre, la Direcci\u00f3n de la Juventud de Torre\u00f3n, inici\u00f3 una campa\u00f1a en conjunto con el colectivo \u201cX salud mental\u201d. El encargado del despacho de la direcci\u00f3n, Oswaldo Maldonado Serrano, dio a conocer que [&hellip;]<\/p>\n","protected":false},"author":1,"featured_media":9491,"comment_status":"open","ping_status":"open","sticky":false,"template":"","format":"standard","meta":{"_monsterinsights_skip_tracking":false,"_monsterinsights_sitenote_active":false,"_monsterinsights_sitenote_note":"","_monsterinsights_sitenote_category":0,"footnotes":""},"categories":[1],"tags":[],"_links":{"self":[{"href":"https:\/\/zonalimitrofe-cbnr.com\/index.php\/wp-json\/wp\/v2\/posts\/9490"}],"collection":[{"href":"https:\/\/zonalimitrofe-cbnr.com\/index.php\/wp-json\/wp\/v2\/posts"}],"about":[{"href":"https:\/\/zonalimitrofe-cbnr.com\/index.php\/wp-json\/wp\/v2\/types\/post"}],"author":[{"embeddable":true,"href":"https:\/\/zonalimitrofe-cbnr.com\/index.php\/wp-json\/wp\/v2\/users\/1"}],"replies":[{"embeddable":true,"href":"https:\/\/zonalimitrofe-cbnr.com\/index.php\/wp-json\/wp\/v2\/comments?post=9490"}],"version-history":[{"count":1,"href":"https:\/\/zonalimitrofe-cbnr.com\/index.php\/wp-json\/wp\/v2\/posts\/9490\/revisions"}],"predecessor-version":[{"id":9492,"href":"https:\/\/zonalimitrofe-cbnr.com\/index.php\/wp-json\/wp\/v2\/posts\/9490\/revisions\/9492"}],"wp:featuredmedia":[{"embeddable":true,"href":"https:\/\/zonalimitrofe-cbnr.com\/index.php\/wp-json\/wp\/v2\/media\/9491"}],"wp:attachment":[{"href":"https:\/\/zonalimitrofe-cbnr.com\/index.php\/wp-json\/wp\/v2\/media?parent=9490"}],"wp:term":[{"taxonomy":"category","embeddable":true,"href":"https:\/\/zonalimitrofe-cbnr.com\/index.php\/wp-json\/wp\/v2\/categories?post=9490"},{"taxonomy":"post_tag","embeddable":true,"href":"https:\/\/zonalimitrofe-cbnr.com\/index.php\/wp-json\/wp\/v2\/tags?post=9490"}],"curies":[{"name":"wp","href":"https:\/\/api.w.org\/{rel}","templated":true}]}}