{"id":9481,"date":"2024-09-10T17:01:27","date_gmt":"2024-09-10T23:01:27","guid":{"rendered":"https:\/\/zonalimitrofe-cbnr.com\/?p=9481"},"modified":"2024-09-10T17:01:27","modified_gmt":"2024-09-10T23:01:27","slug":"durango-gobierno-encabezado-por-esteban-fomenta-la-cultura-entre-las-nuevas-generaciones-de-duranguenses","status":"publish","type":"post","link":"https:\/\/zonalimitrofe-cbnr.com\/index.php\/2024\/09\/10\/durango-gobierno-encabezado-por-esteban-fomenta-la-cultura-entre-las-nuevas-generaciones-de-duranguenses\/","title":{"rendered":"#Durango. GOBIERNO ENCABEZADO POR ESTEBAN FOMENTA LA CULTURA ENTRE LAS NUEVAS GENERACIONES DE DURANGUENSES"},"content":{"rendered":"\n<ul>\n<li>Arranca Oasis de Palabras en la Casa de la Cultura de G\u00f3mez Palacio<br>Comarca Lagunera.- Con el objetivo de promover la lectura, a trav\u00e9s de t\u00e9cnicas art\u00edsticas como la narraci\u00f3n, redacci\u00f3n literaria y la m\u00fasica, el Gobierno del Estado de Durango, arranc\u00f3 el taller &#8220;Oasis de Palabras&#8221;, en las instalaciones de la Biblioteca P\u00fablica Jos\u00e9 Santos Vald\u00e9s ubicada en la Casa de la Cultura Ernestina Gamboa de G\u00f3mez Palacio, la cual recibir\u00e1 a ni\u00f1as, ni\u00f1os y j\u00f3venes de instituciones educativas de primaria, secundaria y preparatoria para que disfruten de todas las actividades que ofrecen de manera gratuita a partir del 9 de septiembre y hasta el 27 de noviembre.<br>La encargada de la Biblioteca, M\u00f3nica Annette Garc\u00eda Fonseca inform\u00f3 que, el taller es una iniciativa del Instituto de Cultura del Estado de Durango (ICED) y sus actividades van dirigidas a todos los peque\u00f1os y j\u00f3venes estudiantes de La Laguna. &#8220;Son presentaciones art\u00edsticas interactivas, tanto de narradores como de m\u00fasicos y escritores laguneros. Son presentaciones de narraci\u00f3n de cuentos, se inicia con ello; son tres horas y posteriormente sigue el taller de creaci\u00f3n literaria&#8221;, apunt\u00f3.<br>Convocan a las escuelas primarias, secundarias y preparatorias para que se integren a &#8220;Oasis de Palabras&#8221; y en tres horas puedan adentrarse en un mundo sorprendente de palabras, historias y m\u00fasica: &#8220;Estamos convocando a las escuelas para que asistan a estas actividades, que son del 9 de septiembre al 27 de noviembre. Una fecha significativa que vamos a tener ser\u00eda la del 12 de noviembre, en la celebraci\u00f3n del D\u00eda Nacional del Libro&#8221;, explic\u00f3 Garc\u00eda Fonseca.<br>En el arranque estuvieron presentes alumnos de segundo y tercer grado de secundaria del Colegio San \u00c1ngel de Lerdo, quienes recibieron la creaci\u00f3n literaria de manos del escritor Jos\u00e9 Luis Urdaibay y la parte musical corri\u00f3 a cargo de El\u00edas Garc\u00eda.<br>Explic\u00f3 que entre las escuelas que ya est\u00e1n agendadas se encuentran: Escuela Primaria Antonio Ocaso, Colegio San \u00c1ngel, Colegio San Roberto, Secundaria T\u00e9cnica 80, adem\u00e1s de algunos jardines de ni\u00f1os.<br>Los pr\u00f3ximos talleres del proyecto &#8220;Oasis de Palabras&#8221;, que se trabaja con la participaci\u00f3n de las salas de lectura, ser\u00e1n: 25 de septiembre, 8 de octubre, 16 de octubre, 30 de octubre, 4 de noviembre, 12 de noviembre y el cierre est\u00e1 programado para el 27 de noviembre.<br>Las escuelas interesadas en participar pueden comunicarse al tel\u00e9fono de la Casa de la Cultura de G\u00f3mez Palacio: al 8717140711 o ponerse en contacto a trav\u00e9s de las redes sociales de la Casa de la Cultura.<\/li>\n<\/ul>\n","protected":false},"excerpt":{"rendered":"","protected":false},"author":1,"featured_media":9482,"comment_status":"open","ping_status":"open","sticky":false,"template":"","format":"standard","meta":{"_monsterinsights_skip_tracking":false,"_monsterinsights_sitenote_active":false,"_monsterinsights_sitenote_note":"","_monsterinsights_sitenote_category":0,"footnotes":""},"categories":[1],"tags":[],"_links":{"self":[{"href":"https:\/\/zonalimitrofe-cbnr.com\/index.php\/wp-json\/wp\/v2\/posts\/9481"}],"collection":[{"href":"https:\/\/zonalimitrofe-cbnr.com\/index.php\/wp-json\/wp\/v2\/posts"}],"about":[{"href":"https:\/\/zonalimitrofe-cbnr.com\/index.php\/wp-json\/wp\/v2\/types\/post"}],"author":[{"embeddable":true,"href":"https:\/\/zonalimitrofe-cbnr.com\/index.php\/wp-json\/wp\/v2\/users\/1"}],"replies":[{"embeddable":true,"href":"https:\/\/zonalimitrofe-cbnr.com\/index.php\/wp-json\/wp\/v2\/comments?post=9481"}],"version-history":[{"count":1,"href":"https:\/\/zonalimitrofe-cbnr.com\/index.php\/wp-json\/wp\/v2\/posts\/9481\/revisions"}],"predecessor-version":[{"id":9483,"href":"https:\/\/zonalimitrofe-cbnr.com\/index.php\/wp-json\/wp\/v2\/posts\/9481\/revisions\/9483"}],"wp:featuredmedia":[{"embeddable":true,"href":"https:\/\/zonalimitrofe-cbnr.com\/index.php\/wp-json\/wp\/v2\/media\/9482"}],"wp:attachment":[{"href":"https:\/\/zonalimitrofe-cbnr.com\/index.php\/wp-json\/wp\/v2\/media?parent=9481"}],"wp:term":[{"taxonomy":"category","embeddable":true,"href":"https:\/\/zonalimitrofe-cbnr.com\/index.php\/wp-json\/wp\/v2\/categories?post=9481"},{"taxonomy":"post_tag","embeddable":true,"href":"https:\/\/zonalimitrofe-cbnr.com\/index.php\/wp-json\/wp\/v2\/tags?post=9481"}],"curies":[{"name":"wp","href":"https:\/\/api.w.org\/{rel}","templated":true}]}}