{"id":9478,"date":"2024-09-10T16:55:09","date_gmt":"2024-09-10T22:55:09","guid":{"rendered":"https:\/\/zonalimitrofe-cbnr.com\/?p=9478"},"modified":"2024-09-10T16:55:10","modified_gmt":"2024-09-10T22:55:10","slug":"uadec-inaugura-rector-de-la-uadec-laboratorio-de-paleontologia-y-mural-del-50-aniversario-en-el-idea-saltillo","status":"publish","type":"post","link":"https:\/\/zonalimitrofe-cbnr.com\/index.php\/2024\/09\/10\/uadec-inaugura-rector-de-la-uadec-laboratorio-de-paleontologia-y-mural-del-50-aniversario-en-el-idea-saltillo\/","title":{"rendered":"#UAdeC. Inaugura Rector de la UAdeC Laboratorio de Paleontolog\u00eda y Mural del 50 Aniversario en el IDEA Saltillo"},"content":{"rendered":"\n<p>SALTILLO, Coahuila. 10 de septiembre de 2024. en el marco de las actividades de celebraci\u00f3n por 50 Aniversario del Instituto de Ense\u00f1anza Abierta IDEA, el rector de la Universidad Aut\u00f3noma de Coahuila, Octavio Pimentel Mart\u00ednez, inaugur\u00f3 el Mural de Aniversario y la apertura del nuevo Laboratorio de Paleontolog\u00eda y Arqueolog\u00eda.<\/p>\n\n\n\n<p>Asistieron la directora del IDEA, Violeta Cedillo Rodr\u00edguez, el jefe de Asuntos Acad\u00e9micos de la Coordinaci\u00f3n de Unidad Saltillo, Braulio Lara Reyes, el director de la Facultad de Artes Pl\u00e1sticas, Dar\u00edo D. Aguill\u00f3n Guti\u00e9rrez, invitados especiales, comunidad docente y estudiantil del plantel.<\/p>\n\n\n\n<p>En su mensaje de bienvenida, la directora del IDEA, Violeta Cedillo, destac\u00f3 la importancia de este tipo de espacios para el desarrollo acad\u00e9mico y cultural, ejemplo es el Mural, una obra que rinde homenaje a los 50 a\u00f1os de historia del Instituto, que busca inspirar a las nuevas generaciones a seguir explorando el conocimiento en todas sus formas.<\/p>\n\n\n\n<p>A nombre de los alumnos que participaron en la creaci\u00f3n del Mural conmemorativo, habl\u00f3 H\u00e9ctor Santiago Brise\u00f1o Alem\u00e1n, quien ofreci\u00f3 una rese\u00f1a sobre la pieza, la cual dijo es un collage de ideas en el que m\u00e1s de 20 estudiantes de IDEA y de la Facultad de Artes Pl\u00e1sticas, trabajaron con un dise\u00f1o final a cargo de Daniela Guadalupe Flores Hern\u00e1ndez, alumna de la Facultad.<\/p>\n\n\n\n<p>Los elementos del mural reflejan la formaci\u00f3n educativa como las caracter\u00edsticas de la comunidad del instituto, s\u00edmbolos de la escritura, el dibujo, la ciencia, el arte, la naturaleza y la vida cotidiana de los estudiantes, adem\u00e1s la imagen de un cohete que simboliza sue\u00f1os y metas.<\/p>\n\n\n\n<p>Por su parte, el rector de la UAdeC, Octavio Pimentel Mart\u00ednez, celebr\u00f3 el trabajo en equipo y la unidad entre facultades, estudiantes y autoridades directivas, por ello agradeci\u00f3 a los involucrados en la creaci\u00f3n del Mural y dijo que la colaboraci\u00f3n permite alcanzar grandes logros, como esta pieza de arte que simboliza la historia de una instituci\u00f3n pionera en la ense\u00f1anza abierta en M\u00e9xico.<\/p>\n\n\n\n<p>Agreg\u00f3 que el Mural representa cinco d\u00e9cadas de vida del IDEA, el compromiso continuo de la instituci\u00f3n por innovar y anticiparse a las necesidades educativas y sociales, por lo que inst\u00f3 a la comunidad universitaria a seguir trabajando en conjunto, priorizando los intereses de la instituci\u00f3n sobre los personales, para transformar el entorno universitario y social.<\/p>\n\n\n\n<p>Posteriormente estudiantes del IDEA ofrecieron una muestra de los avances que han logrado en el Taller de Rob\u00f3tica e Inteligencia Artificial (IA), a cargo del Ing. Erick Carballo, en el cual se vieron temas principales como microcontroladores, sistemas<\/p>\n\n\n\n<p>sensitivos, sistemas de locomoci\u00f3n, lenguajes de programaci\u00f3n y varios intentos con brazos rob\u00f3ticos.<\/p>\n\n\n\n<p>El evento concluy\u00f3 con la inauguraci\u00f3n y recorrido por el Laboratorio de Paleontolog\u00eda el cual, busca proporcionar una experiencia educativa integral en paleontolog\u00eda y arqueolog\u00eda, fomentando el inter\u00e9s por la investigaci\u00f3n cient\u00edfica y el entendimiento del pasado humano y de la vida en la el planeta.<\/p>\n","protected":false},"excerpt":{"rendered":"<p>SALTILLO, Coahuila. 10 de septiembre de 2024. en el marco de las actividades de celebraci\u00f3n por 50 Aniversario del Instituto de Ense\u00f1anza Abierta IDEA, el rector de la Universidad Aut\u00f3noma de Coahuila, Octavio Pimentel Mart\u00ednez, inaugur\u00f3 el Mural de Aniversario y la apertura del nuevo Laboratorio de Paleontolog\u00eda y Arqueolog\u00eda. Asistieron la directora del IDEA, [&hellip;]<\/p>\n","protected":false},"author":1,"featured_media":9479,"comment_status":"open","ping_status":"open","sticky":false,"template":"","format":"standard","meta":{"_monsterinsights_skip_tracking":false,"_monsterinsights_sitenote_active":false,"_monsterinsights_sitenote_note":"","_monsterinsights_sitenote_category":0,"footnotes":""},"categories":[1],"tags":[],"_links":{"self":[{"href":"https:\/\/zonalimitrofe-cbnr.com\/index.php\/wp-json\/wp\/v2\/posts\/9478"}],"collection":[{"href":"https:\/\/zonalimitrofe-cbnr.com\/index.php\/wp-json\/wp\/v2\/posts"}],"about":[{"href":"https:\/\/zonalimitrofe-cbnr.com\/index.php\/wp-json\/wp\/v2\/types\/post"}],"author":[{"embeddable":true,"href":"https:\/\/zonalimitrofe-cbnr.com\/index.php\/wp-json\/wp\/v2\/users\/1"}],"replies":[{"embeddable":true,"href":"https:\/\/zonalimitrofe-cbnr.com\/index.php\/wp-json\/wp\/v2\/comments?post=9478"}],"version-history":[{"count":1,"href":"https:\/\/zonalimitrofe-cbnr.com\/index.php\/wp-json\/wp\/v2\/posts\/9478\/revisions"}],"predecessor-version":[{"id":9480,"href":"https:\/\/zonalimitrofe-cbnr.com\/index.php\/wp-json\/wp\/v2\/posts\/9478\/revisions\/9480"}],"wp:featuredmedia":[{"embeddable":true,"href":"https:\/\/zonalimitrofe-cbnr.com\/index.php\/wp-json\/wp\/v2\/media\/9479"}],"wp:attachment":[{"href":"https:\/\/zonalimitrofe-cbnr.com\/index.php\/wp-json\/wp\/v2\/media?parent=9478"}],"wp:term":[{"taxonomy":"category","embeddable":true,"href":"https:\/\/zonalimitrofe-cbnr.com\/index.php\/wp-json\/wp\/v2\/categories?post=9478"},{"taxonomy":"post_tag","embeddable":true,"href":"https:\/\/zonalimitrofe-cbnr.com\/index.php\/wp-json\/wp\/v2\/tags?post=9478"}],"curies":[{"name":"wp","href":"https:\/\/api.w.org\/{rel}","templated":true}]}}