{"id":9459,"date":"2024-09-10T15:38:12","date_gmt":"2024-09-10T21:38:12","guid":{"rendered":"https:\/\/zonalimitrofe-cbnr.com\/?p=9459"},"modified":"2024-09-10T15:38:12","modified_gmt":"2024-09-10T21:38:12","slug":"uadec-toma-protesta-como-director-de-la-fca-us-el-m-c-francisco-javier-garcia-rincon","status":"publish","type":"post","link":"https:\/\/zonalimitrofe-cbnr.com\/index.php\/2024\/09\/10\/uadec-toma-protesta-como-director-de-la-fca-us-el-m-c-francisco-javier-garcia-rincon\/","title":{"rendered":"#UAdeC. Toma Protesta como Director de la FCA US el M.C. Francisco Javier Garc\u00eda Rinc\u00f3n"},"content":{"rendered":"\n<p>SALTILLO, Coahuila. 10 de septiembre de 2024. El rector de la Universidad Aut\u00f3noma de Coahuila, Octavio Pimentel Mart\u00ednez, tom\u00f3 protesta al M.C. Francisco Javier Garc\u00eda Rinc\u00f3n, como director de la Facultad de Ciencias de la Administraci\u00f3n FCA Unidad Saltillo, para el periodo 2024-2027.<\/p>\n\n\n\n<p>En el patio central del plantel, asisti\u00f3 en representaci\u00f3n de la coordinadora de Unidad Saltillo, Eva Kerena Hern\u00e1ndez Mart\u00ednez, el secretario general, V\u00edctor Cobos Mart\u00ednez, funcionariado universitario, directores de las diversas Escuelas, Facultades e Institutos, integrantes del Consejo Directivo del plantel, comunidad docente y estudiantil.<\/p>\n\n\n\n<p>Las elecciones para ocupar el cargo de la persona titular de la direcci\u00f3n de la Facultad de Ciencias de la Administraci\u00f3n se llevaron a cabo el 21 de agosto de 2024 y los resultados fueron los siguientes: votos a favor del M.C. Francisco Javier Garc\u00eda Rinc\u00f3n 2 mil 77, nuevas elecciones 96 y nulos 2.<\/p>\n\n\n\n<p>En su mensaje, el rector Octavio Pimentel Mart\u00ednez, enfatiz\u00f3 que cuando se trabaja en unidad las cosas suceden, \u201cCuando ponemos los intereses de la instituci\u00f3n por delante de los intereses personales los resultados se dan, sigamos trabajando en equipo para que continue pegando la L de Lealtad, de Liderazgo, de Lucha y de los Lobos de la UAdeC\u201d.<\/p>\n\n\n\n<p>Por otro lado, coment\u00f3 que la Facultad de Ciencias de la Administraci\u00f3n destaca por sus resultados en el Examen General de Egreso de Licenciatura (EGEL), por la acreditaci\u00f3n de sus programas acad\u00e9micos y por su relaci\u00f3n con el sector empresarial, por ello, exhort\u00f3 a la comunidad universitaria del plantel a continuar trabajando y a ponerse la camiseta de las \u00c1guilas de la FCA y la de los Lobos de la UAdeC.<\/p>\n\n\n\n<p>Durante la toma de protesta, el rector Octavio Pimentel Mart\u00ednez, entreg\u00f3 un Pin Institucional al director Francisco Javier Garc\u00eda Rinc\u00f3n, esto como s\u00edmbolo de identidad y compromiso acad\u00e9mico con la Universidad y la Facultad de Ciencias de la Administraci\u00f3n.<\/p>\n\n\n\n<p>Por su parte, el director Francisco Javier Garc\u00eda, agradeci\u00f3 a alumnos y docentes por confiar en \u00e9l y permitirle asumir este cargo con honor y responsabilidad, \u201cMe siento muy comprometido, es un gran reto, hay que mantener lo que ya se tiene construido y hacer nuevas cosas para beneficiar a la comunidad universitaria, vamos a fortalecer la docencia, se impulsar\u00e1 la investigaci\u00f3n y se equipar\u00e1n \u00e1reas de vanguardia\u201d.<\/p>\n","protected":false},"excerpt":{"rendered":"<p>SALTILLO, Coahuila. 10 de septiembre de 2024. El rector de la Universidad Aut\u00f3noma de Coahuila, Octavio Pimentel Mart\u00ednez, tom\u00f3 protesta al M.C. Francisco Javier Garc\u00eda Rinc\u00f3n, como director de la Facultad de Ciencias de la Administraci\u00f3n FCA Unidad Saltillo, para el periodo 2024-2027. En el patio central del plantel, asisti\u00f3 en representaci\u00f3n de la coordinadora [&hellip;]<\/p>\n","protected":false},"author":1,"featured_media":9460,"comment_status":"open","ping_status":"open","sticky":false,"template":"","format":"standard","meta":{"_monsterinsights_skip_tracking":false,"_monsterinsights_sitenote_active":false,"_monsterinsights_sitenote_note":"","_monsterinsights_sitenote_category":0,"footnotes":""},"categories":[1],"tags":[],"_links":{"self":[{"href":"https:\/\/zonalimitrofe-cbnr.com\/index.php\/wp-json\/wp\/v2\/posts\/9459"}],"collection":[{"href":"https:\/\/zonalimitrofe-cbnr.com\/index.php\/wp-json\/wp\/v2\/posts"}],"about":[{"href":"https:\/\/zonalimitrofe-cbnr.com\/index.php\/wp-json\/wp\/v2\/types\/post"}],"author":[{"embeddable":true,"href":"https:\/\/zonalimitrofe-cbnr.com\/index.php\/wp-json\/wp\/v2\/users\/1"}],"replies":[{"embeddable":true,"href":"https:\/\/zonalimitrofe-cbnr.com\/index.php\/wp-json\/wp\/v2\/comments?post=9459"}],"version-history":[{"count":1,"href":"https:\/\/zonalimitrofe-cbnr.com\/index.php\/wp-json\/wp\/v2\/posts\/9459\/revisions"}],"predecessor-version":[{"id":9461,"href":"https:\/\/zonalimitrofe-cbnr.com\/index.php\/wp-json\/wp\/v2\/posts\/9459\/revisions\/9461"}],"wp:featuredmedia":[{"embeddable":true,"href":"https:\/\/zonalimitrofe-cbnr.com\/index.php\/wp-json\/wp\/v2\/media\/9460"}],"wp:attachment":[{"href":"https:\/\/zonalimitrofe-cbnr.com\/index.php\/wp-json\/wp\/v2\/media?parent=9459"}],"wp:term":[{"taxonomy":"category","embeddable":true,"href":"https:\/\/zonalimitrofe-cbnr.com\/index.php\/wp-json\/wp\/v2\/categories?post=9459"},{"taxonomy":"post_tag","embeddable":true,"href":"https:\/\/zonalimitrofe-cbnr.com\/index.php\/wp-json\/wp\/v2\/tags?post=9459"}],"curies":[{"name":"wp","href":"https:\/\/api.w.org\/{rel}","templated":true}]}}