{"id":9405,"date":"2024-09-08T11:52:12","date_gmt":"2024-09-08T17:52:12","guid":{"rendered":"https:\/\/zonalimitrofe-cbnr.com\/?p=9405"},"modified":"2024-09-08T11:52:12","modified_gmt":"2024-09-08T17:52:12","slug":"gp-continua-caravana-cine-en-la-plaza-por-los-ejidos-de-gomez-palacio","status":"publish","type":"post","link":"https:\/\/zonalimitrofe-cbnr.com\/index.php\/2024\/09\/08\/gp-continua-caravana-cine-en-la-plaza-por-los-ejidos-de-gomez-palacio\/","title":{"rendered":"#GP. Contin\u00faa caravana \u201cCine en la Plaza&#8221; por los ejidos de G\u00f3mez Palacio*"},"content":{"rendered":"\n<p>+Presentan cartelera para el mes de septiembre<\/p>\n\n\n\n<p>El programa Cine en la Plaza, implementado por el Ayuntamiento de G\u00f3mez Palacio a trav\u00e9s de la Direcci\u00f3n de Arte y Cultura, ha tenido un gran impacto en las comunidades rurales del municipio, muestra de ello fue la \u00faltima funci\u00f3n del mes de agosto, la cual se llev\u00f3 a cabo en el Ejido Los \u00c1ngeles.<\/p>\n\n\n\n<p>Melissa Reuter P\u00e9rez, titular de la dependencia, destac\u00f3 que, gracias al respaldo de la Presidenta Municipal Leticia Herrera Ale, el programa ha podido mantenerse activo, permitiendo a las familias de los ejidos disfrutar del s\u00e9ptimo arte.<\/p>\n\n\n\n<p>Explic\u00f3 que cada domingo, las plazas de los ejidos acogen un domo inflable, equipado con aire acondicionado, proyector y pantalla, donde se exhiben pel\u00edculas que promueven valores.<\/p>\n\n\n\n<p>Reuter P\u00e9rez anunci\u00f3 que, debido al gran \u00e9xito de Cine en la Plaza, la agenda de las matin\u00e9s dominicales de septiembre ya est\u00e1 establecida: Los \u00c1ngeles el d\u00eda 8, San Alberto el 22 y Jerusal\u00e9n el 29. \u00danicamente se suspender\u00e1 la funci\u00f3n del fin de semana del 15 de septiembre con motivo de las celebraciones patrias.<\/p>\n\n\n\n<p>Finalmente, extendi\u00f3 una invitaci\u00f3n a las familias de los ejidos para disfrutar del cine en sus plazas, de manera totalmente gratuita.<\/p>\n","protected":false},"excerpt":{"rendered":"<p>+Presentan cartelera para el mes de septiembre El programa Cine en la Plaza, implementado por el Ayuntamiento de G\u00f3mez Palacio a trav\u00e9s de la Direcci\u00f3n de Arte y Cultura, ha tenido un gran impacto en las comunidades rurales del municipio, muestra de ello fue la \u00faltima funci\u00f3n del mes de agosto, la cual se llev\u00f3 [&hellip;]<\/p>\n","protected":false},"author":1,"featured_media":9406,"comment_status":"open","ping_status":"open","sticky":false,"template":"","format":"standard","meta":{"_monsterinsights_skip_tracking":false,"_monsterinsights_sitenote_active":false,"_monsterinsights_sitenote_note":"","_monsterinsights_sitenote_category":0,"footnotes":""},"categories":[1],"tags":[],"_links":{"self":[{"href":"https:\/\/zonalimitrofe-cbnr.com\/index.php\/wp-json\/wp\/v2\/posts\/9405"}],"collection":[{"href":"https:\/\/zonalimitrofe-cbnr.com\/index.php\/wp-json\/wp\/v2\/posts"}],"about":[{"href":"https:\/\/zonalimitrofe-cbnr.com\/index.php\/wp-json\/wp\/v2\/types\/post"}],"author":[{"embeddable":true,"href":"https:\/\/zonalimitrofe-cbnr.com\/index.php\/wp-json\/wp\/v2\/users\/1"}],"replies":[{"embeddable":true,"href":"https:\/\/zonalimitrofe-cbnr.com\/index.php\/wp-json\/wp\/v2\/comments?post=9405"}],"version-history":[{"count":1,"href":"https:\/\/zonalimitrofe-cbnr.com\/index.php\/wp-json\/wp\/v2\/posts\/9405\/revisions"}],"predecessor-version":[{"id":9407,"href":"https:\/\/zonalimitrofe-cbnr.com\/index.php\/wp-json\/wp\/v2\/posts\/9405\/revisions\/9407"}],"wp:featuredmedia":[{"embeddable":true,"href":"https:\/\/zonalimitrofe-cbnr.com\/index.php\/wp-json\/wp\/v2\/media\/9406"}],"wp:attachment":[{"href":"https:\/\/zonalimitrofe-cbnr.com\/index.php\/wp-json\/wp\/v2\/media?parent=9405"}],"wp:term":[{"taxonomy":"category","embeddable":true,"href":"https:\/\/zonalimitrofe-cbnr.com\/index.php\/wp-json\/wp\/v2\/categories?post=9405"},{"taxonomy":"post_tag","embeddable":true,"href":"https:\/\/zonalimitrofe-cbnr.com\/index.php\/wp-json\/wp\/v2\/tags?post=9405"}],"curies":[{"name":"wp","href":"https:\/\/api.w.org\/{rel}","templated":true}]}}