{"id":9399,"date":"2024-09-08T11:42:09","date_gmt":"2024-09-08T17:42:09","guid":{"rendered":"https:\/\/zonalimitrofe-cbnr.com\/?p=9399"},"modified":"2024-09-08T11:42:09","modified_gmt":"2024-09-08T17:42:09","slug":"gp-casi-100-menores-son-atendidos-en-el-internado-francisco-zarco-en-este-nuevo-ciclo-escolar","status":"publish","type":"post","link":"https:\/\/zonalimitrofe-cbnr.com\/index.php\/2024\/09\/08\/gp-casi-100-menores-son-atendidos-en-el-internado-francisco-zarco-en-este-nuevo-ciclo-escolar\/","title":{"rendered":"#GP. Casi 100 menores son atendidos en el Internado Francisco Zarco en este nuevo ciclo escolar*"},"content":{"rendered":"\n<p>Velar por el bienestar de las ni\u00f1as, ni\u00f1os y adolescentes del municipio, especialmente de los menores m\u00e1s vulnerables como los que acuden al Internado Francisco Zarco, ha sido una prioridad para el gobierno encabezado por la Presidenta Municipal, Leticia Herrera Ale.<\/p>\n\n\n\n<p>Por esta raz\u00f3n, la alcaldesa ha provisto los recursos necesarios para el adecuado funcionamiento del internado, asegurando as\u00ed el apoyo esencial para el desarrollo sano de los menores.<\/p>\n\n\n\n<p>Brenda Calder\u00f3n Carrete, directora del Sistema para el Desarrollo Integral de la Familia (DIF), mencion\u00f3 que para este ciclo escolar que inicia, cerca de cien menores permanecen durante toda la semana en este internado, participando en programas que promueven su desarrollo e inclusi\u00f3n.<\/p>\n\n\n\n<p>Se destaca el proceso de remodelaci\u00f3n que gracias a la generosidad de empresarios laguneros que conf\u00edan en esta administraci\u00f3n, se ha llevado a cabo en el internado, incluyendo la instalaci\u00f3n de una cisterna para garantizar el abasto continuo de agua, la sustituci\u00f3n de 100 colchones en los dormitorios, la remodelaci\u00f3n de los ba\u00f1os, y la instalaci\u00f3n de una pantalla en el comedor, entre otras mejoras que enriquecen la estancia de los internos.<\/p>\n\n\n\n<p>Calder\u00f3n Carrete enfatiz\u00f3 que el DIF se asegura de que los menores reciban una atenci\u00f3n integral que incluye educaci\u00f3n, alimentaci\u00f3n, actividades recreativas, culturales y deportivas, as\u00ed como atenci\u00f3n m\u00e9dica, jur\u00eddica y psicol\u00f3gica, protegiendo as\u00ed sus derechos y mejorando su calidad de vida.<\/p>\n\n\n\n<p>Se\u00f1al\u00f3 que durante su internamiento, los menores asisten a clases en la Escuela Primaria \u201cEulalia de la Hoya Enr\u00edquez\u201d, ubicada dentro de las instalaciones del internado. Adem\u00e1s de su educaci\u00f3n acad\u00e9mica, los ni\u00f1os y ni\u00f1as disfrutan de alojamiento y actividades complementarias durante toda la semana, regresando a casa con sus familias los fines de semana.<\/p>\n\n\n\n<p>El objetivo, seg\u00fan indic\u00f3, es formar a estos ni\u00f1os y ni\u00f1as para que tengan un futuro mejor, teniendo en cuenta que muchos provienen de hogares disfuncionales.<\/p>\n","protected":false},"excerpt":{"rendered":"<p>Velar por el bienestar de las ni\u00f1as, ni\u00f1os y adolescentes del municipio, especialmente de los menores m\u00e1s vulnerables como los que acuden al Internado Francisco Zarco, ha sido una prioridad para el gobierno encabezado por la Presidenta Municipal, Leticia Herrera Ale. Por esta raz\u00f3n, la alcaldesa ha provisto los recursos necesarios para el adecuado funcionamiento [&hellip;]<\/p>\n","protected":false},"author":1,"featured_media":9400,"comment_status":"open","ping_status":"open","sticky":false,"template":"","format":"standard","meta":{"_monsterinsights_skip_tracking":false,"_monsterinsights_sitenote_active":false,"_monsterinsights_sitenote_note":"","_monsterinsights_sitenote_category":0,"footnotes":""},"categories":[1],"tags":[],"_links":{"self":[{"href":"https:\/\/zonalimitrofe-cbnr.com\/index.php\/wp-json\/wp\/v2\/posts\/9399"}],"collection":[{"href":"https:\/\/zonalimitrofe-cbnr.com\/index.php\/wp-json\/wp\/v2\/posts"}],"about":[{"href":"https:\/\/zonalimitrofe-cbnr.com\/index.php\/wp-json\/wp\/v2\/types\/post"}],"author":[{"embeddable":true,"href":"https:\/\/zonalimitrofe-cbnr.com\/index.php\/wp-json\/wp\/v2\/users\/1"}],"replies":[{"embeddable":true,"href":"https:\/\/zonalimitrofe-cbnr.com\/index.php\/wp-json\/wp\/v2\/comments?post=9399"}],"version-history":[{"count":1,"href":"https:\/\/zonalimitrofe-cbnr.com\/index.php\/wp-json\/wp\/v2\/posts\/9399\/revisions"}],"predecessor-version":[{"id":9401,"href":"https:\/\/zonalimitrofe-cbnr.com\/index.php\/wp-json\/wp\/v2\/posts\/9399\/revisions\/9401"}],"wp:featuredmedia":[{"embeddable":true,"href":"https:\/\/zonalimitrofe-cbnr.com\/index.php\/wp-json\/wp\/v2\/media\/9400"}],"wp:attachment":[{"href":"https:\/\/zonalimitrofe-cbnr.com\/index.php\/wp-json\/wp\/v2\/media?parent=9399"}],"wp:term":[{"taxonomy":"category","embeddable":true,"href":"https:\/\/zonalimitrofe-cbnr.com\/index.php\/wp-json\/wp\/v2\/categories?post=9399"},{"taxonomy":"post_tag","embeddable":true,"href":"https:\/\/zonalimitrofe-cbnr.com\/index.php\/wp-json\/wp\/v2\/tags?post=9399"}],"curies":[{"name":"wp","href":"https:\/\/api.w.org\/{rel}","templated":true}]}}