{"id":9372,"date":"2024-09-07T13:36:43","date_gmt":"2024-09-07T19:36:43","guid":{"rendered":"https:\/\/zonalimitrofe-cbnr.com\/?p=9372"},"modified":"2024-09-07T13:36:43","modified_gmt":"2024-09-07T19:36:43","slug":"durango-apoyos-para-mitigar-la-peor-sequia-en-durango-llegaron-en-tiempo-y-forma-esteban","status":"publish","type":"post","link":"https:\/\/zonalimitrofe-cbnr.com\/index.php\/2024\/09\/07\/durango-apoyos-para-mitigar-la-peor-sequia-en-durango-llegaron-en-tiempo-y-forma-esteban\/","title":{"rendered":"#Durango. Apoyos para mitigar la peor sequ\u00eda en Durango llegaron en tiempo y forma: Esteban*"},"content":{"rendered":"\n<ul>\n<li><em>Durante su 2o Informe de Gobierno, el Mandatario describi\u00f3 que este fen\u00f3meno se atendi\u00f3 con entrega de semilla, suplemento alimenticio, bordos de abrevadero y mejoramiento gen\u00e9tico de ganado.<\/em><\/li>\n\n\n\n<li><em>\u201cLa gente del campo tienen amigo Gobernador\u201d, refrend\u00f3.<\/em><\/li>\n<\/ul>\n\n\n\n<p>La gente del campo tiene amigo gobernador y por eso los apoyos llegaron en tiempo y forma para mitigar los estragos de la sequ\u00eda m\u00e1s fuerte de los \u00faltimos 50 a\u00f1os, afirm\u00f3 Esteban Villegas Villarreal al dar a conocer los programas y acciones que emprendi\u00f3 en el segundo a\u00f1o de trabajo al frente de la Administraci\u00f3n Estatal.<\/p>\n\n\n\n<p>Con la presencia de miles de duranguenses en la Velar\u00eda de la Feria Nacional Francisco Villa, el Gobernador detall\u00f3 que se invirtieron m\u00e1s de 32 millones de pesos en la construcci\u00f3n de 270 bordos de abrevadero que beneficiaron a m\u00e1s de 4 mil ganaderos, adem\u00e1s, mediante el uso de pipas, trailas y l\u00edneas de conducci\u00f3n, se llev\u00f3 agua a diferentes regiones del estado, para asegurar que el ganado no tuviera que recorrer grandes distancias para encontrar el l\u00edquido vital.<\/p>\n\n\n\n<p>\u201cDistribuimos cerca de 4 mil toneladas de suplemento alimenticio que sirvieron para alimentar a m\u00e1s de 121 mil cabezas de ganado, entregamos 2 mil toneladas de semilla de avena certificada y mil toneladas de semilla de frijol que cubrieron una superficie de 146 mil hect\u00e1reas, en beneficio de los agricultores que d\u00eda a d\u00eda trabajan para producir los alimentos que se consumen en Durango\u201d inform\u00f3 Villegas Villarreal.<\/p>\n\n\n\n<p>Agreg\u00f3 que se reforestaron m\u00e1s de 3 mil hect\u00e1reas en 14 municipios con cerca de 3 millones de pinos y agaves para combatir las altas temperaturas provocadas por la sequ\u00eda, adem\u00e1s de proteger el suelo y disminuir el cambio clim\u00e1tico en Durango.<\/p>\n\n\n\n<p>\u201cCon la grandeza del coraz\u00f3n, demostramos que seguimos trabajando por el bienestar y el desarrollo de nuestra gente del campo\u201d, dijo el Mandatario Estatal, al recordar que en el 2011, se vivi\u00f3 la sequ\u00eda m\u00e1s fuerte en ese tiempo, con un resultado de 120 mil cabezas de ganado muertas y en el 2022, 65 mil, por ello, gracias a la estrategia que se trabaj\u00f3 durante el a\u00f1o pasado y lo que va del 2024, se rescata la ganader\u00eda de la entidad, al reportarse \u00fanicamente de manera oficial 7 mil animales muertos.<\/p>\n\n\n\n<p>Como parte de las acciones, destac\u00f3 tambi\u00e9n el mejoramiento gen\u00e9tico y la venta de ganado de gran calidad con certificaciones internacionales, ya listas para su exportaci\u00f3n.<\/p>\n\n\n\n<p>Es as\u00ed como el Gobierno Estatal con una estrategia bien definida con programas y acciones en beneficio de las familias que viven del campo, hizo frente a la peor sequ\u00eda registrada en los \u00faltimos 50 a\u00f1os, donde los apoyos llegaron a todos los municipios en el momento en el que la gente m\u00e1s lo necesitaba.<\/p>\n","protected":false},"excerpt":{"rendered":"<p>La gente del campo tiene amigo gobernador y por eso los apoyos llegaron en tiempo y forma para mitigar los estragos de la sequ\u00eda m\u00e1s fuerte de los \u00faltimos 50 a\u00f1os, afirm\u00f3 Esteban Villegas Villarreal al dar a conocer los programas y acciones que emprendi\u00f3 en el segundo a\u00f1o de trabajo al frente de la [&hellip;]<\/p>\n","protected":false},"author":1,"featured_media":9373,"comment_status":"open","ping_status":"open","sticky":false,"template":"","format":"standard","meta":{"_monsterinsights_skip_tracking":false,"_monsterinsights_sitenote_active":false,"_monsterinsights_sitenote_note":"","_monsterinsights_sitenote_category":0,"footnotes":""},"categories":[1],"tags":[],"_links":{"self":[{"href":"https:\/\/zonalimitrofe-cbnr.com\/index.php\/wp-json\/wp\/v2\/posts\/9372"}],"collection":[{"href":"https:\/\/zonalimitrofe-cbnr.com\/index.php\/wp-json\/wp\/v2\/posts"}],"about":[{"href":"https:\/\/zonalimitrofe-cbnr.com\/index.php\/wp-json\/wp\/v2\/types\/post"}],"author":[{"embeddable":true,"href":"https:\/\/zonalimitrofe-cbnr.com\/index.php\/wp-json\/wp\/v2\/users\/1"}],"replies":[{"embeddable":true,"href":"https:\/\/zonalimitrofe-cbnr.com\/index.php\/wp-json\/wp\/v2\/comments?post=9372"}],"version-history":[{"count":1,"href":"https:\/\/zonalimitrofe-cbnr.com\/index.php\/wp-json\/wp\/v2\/posts\/9372\/revisions"}],"predecessor-version":[{"id":9374,"href":"https:\/\/zonalimitrofe-cbnr.com\/index.php\/wp-json\/wp\/v2\/posts\/9372\/revisions\/9374"}],"wp:featuredmedia":[{"embeddable":true,"href":"https:\/\/zonalimitrofe-cbnr.com\/index.php\/wp-json\/wp\/v2\/media\/9373"}],"wp:attachment":[{"href":"https:\/\/zonalimitrofe-cbnr.com\/index.php\/wp-json\/wp\/v2\/media?parent=9372"}],"wp:term":[{"taxonomy":"category","embeddable":true,"href":"https:\/\/zonalimitrofe-cbnr.com\/index.php\/wp-json\/wp\/v2\/categories?post=9372"},{"taxonomy":"post_tag","embeddable":true,"href":"https:\/\/zonalimitrofe-cbnr.com\/index.php\/wp-json\/wp\/v2\/tags?post=9372"}],"curies":[{"name":"wp","href":"https:\/\/api.w.org\/{rel}","templated":true}]}}