{"id":9369,"date":"2024-09-07T13:33:49","date_gmt":"2024-09-07T19:33:49","guid":{"rendered":"https:\/\/zonalimitrofe-cbnr.com\/?p=9369"},"modified":"2024-09-07T13:33:49","modified_gmt":"2024-09-07T19:33:49","slug":"lerdo-premian-a-jovenes-lerdenses-distinguidos","status":"publish","type":"post","link":"https:\/\/zonalimitrofe-cbnr.com\/index.php\/2024\/09\/07\/lerdo-premian-a-jovenes-lerdenses-distinguidos\/","title":{"rendered":"#Lerdo. PREMIAN A J\u00d3VENES LERDENSES DISTINGUIDOS*"},"content":{"rendered":"\n<p>Lerdo, 07 de septiembre 2024.- En el Teatro Hermila Galindo se desarroll\u00f3 la segunda edici\u00f3n del Premio Municipal de las Juventudes, el viernes por la tarde, donde el Presidente Municipal Homero Mart\u00ednez Cabrera premi\u00f3 a los j\u00f3venes m\u00e1s destacados en las categor\u00edas de Logro Acad\u00e9mico, Nueva Generaci\u00f3n, Innovaci\u00f3n Emprendedora, Logro Deportivo, Compromiso Social, Arte y Cultura. Evento que realiza el Instituto Municipal de la Juventud (IMJ).<\/p>\n\n\n\n<p>El Alcalde de Lerdo felicit\u00f3 a quienes se inscribieron en el Premio Municipal de las Juventudes 2024, tambi\u00e9n destac\u00f3 la importancia de apostarle a los nuevos talentos y a las tecnolog\u00edas, recordando que Lerdo es un municipio digitalizado y vanguardista, impulsando la modernizaci\u00f3n e Innovaci\u00f3n. As\u00ed pues, agradeci\u00f3 y reconoci\u00f3 a los docentes del Municipio de Lerdo y a autoridades educativas que asistieron al evento, por formar a los j\u00f3venes para ser competitivos ante este mundo globalizado.<\/p>\n\n\n\n<p>&#8220;La visi\u00f3n del gobernador Esteban Villegas es, precisamente, que le apostemos a dar oportunidades a nuestros j\u00f3venes con la creaci\u00f3n de empresas y empleos formales&#8221; agreg\u00f3.<\/p>\n\n\n\n<p>Por su parte, la diputada Susy Torrecillad Salazar destac\u00f3 el trabajo que en conjunto realizan el Presidente Municipal Homero Mart\u00ednez, el director del IMJ David Cano, el Gobernador Esteban Villegas y la directora del Instituto Duranguense de la Juventud (IDJ) Grecia Hern\u00e1ndez. As\u00ed mismo, se comprometi\u00f3 a seguir impulsando y apoyando a los j\u00f3venes talentos desde su trinchera, como diputada por Lerdo.<\/p>\n\n\n\n<p>En la categor\u00eda de &#8216;Logro Acad\u00e9mico&#8217; Kassandra Yemile Batarse Reyes de 22 a\u00f1os de edad, fue galardonada; actualmente cursa la carrera de Ingenier\u00eda Civil, ha sido ganadora de medallas de oro y bronce las olimpiadas de matem\u00e1ticas estudiantiles y reconocida a nivel nacional por logro acad\u00e9mico en el \u00e1mbito de ingenier\u00eda.<\/p>\n\n\n\n<p>En &#8216;Arte y Cultura&#8217; Jes\u00fas David Cruz Garc\u00eda, mejor conocido en el mundo art\u00edstico como &#8220;Dante Rockford&#8221; de 27 a\u00f1os de edad, fue premiado por su trabajo como artista visual, al trabajar 7 a\u00f1os en el extranjero con industrias del entretenimiento como Netflix, Universal Studios, Sony Pictures, Spin Master, entre otras, en la realizaci\u00f3n de animaciones, juguetes, coleccionables y videojuegos.<\/p>\n\n\n\n<p>Los gemelos \u00c1ngel y Eduardo Mora Ram\u00edrez, de 18 a\u00f1os de edad, ganaron la categor\u00eda &#8216;Compromiso Social&#8217;, gracias a la creaci\u00f3n de un espacio gratuito para que ni\u00f1os y j\u00f3venes puedan practicar el deporte de box, impulsando el desarrollo social y la salud de este sector poblacional, desde hace 3 a\u00f1os.<\/p>\n\n\n\n<p>&#8216;Innovaci\u00f3n Emprendedora&#8217; fue la categor\u00eda que Omar de la Cruz, de 18 a\u00f1os de edad, gan\u00f3, gracias a su talento como dibujante, y a su habilidad para vender sus cuadros Y pinturas. En &#8216;Nueva Generaci\u00f3n&#8217;, Cinthia Merari Flores Guti\u00e9rrez, con 15 a\u00f1os y originaria de la localidad La Luz, sobresali\u00f3 como el primer lugar; buenas calificaciones, tercer lugar en concurso local de primaria en Oratoria, particip\u00f3 en Poes\u00eda y otros concursos acad\u00e9micos, obteniendo segundo lugar con Mejor Exposici\u00f3n y Discurso de la Zona, Y destacando como segundo mejor promedio de su generaci\u00f3n.<\/p>\n\n\n\n<p>En &#8216;Logro Deportivo&#8217;, Melisa &#8220;La China&#8221; Cabrera recibi\u00f3 la presea, con 21 a\u00f1os de edad se ha consolidado como una boxeadora profesional, con 6 peleas ganadas, participando en los Juegos CONADE 2018-2019, 2019-2020, quedando campeona regional, y 6 a\u00f1os en la carrera box\u00edstica. Adem\u00e1s de entrenar a j\u00f3venes en el Gimnasio Municipal &#8220;Chivo D\u00edaz&#8221;.<\/p>\n\n\n\n<p>David Cano S\u00e1nchez, titular del Instituto de la Juventud, agradeci\u00f3 al Presidente y a la diputada por el respaldo, y celebr\u00f3 que la convocatoria haya llegado a tantos j\u00f3venes, quienes se atrevieron a participar en este Premio Municipal.<\/p>\n\n\n\n<p>El subdirector del Instituto Duranguense de la Juventud, Antonio Posada Garza, representante de la titular del IDJ, reconoci\u00f3 a las autoridades del municipio quienes abogan por los j\u00f3venes,<br>&#8220;Agradecer al director de la juventud del Lerdo, al Presidente Municipal y a la Diputada, que la verdad nos est\u00e1n ayudando mucho en las juventudes aqu\u00ed en el Municipio de Lerdo. Muchas gracias\u2026 yo aqu\u00ed en Lerdo este veo mucho talento de parte de los j\u00f3venes&#8221; comparti\u00f3 el funcionario e invit\u00f3 a los j\u00f3venes a participar en el premio estatal.<\/p>\n\n\n\n<p>La regidora Violeta Quetzal Jacobo Ram\u00edrez, presidenta de la Comisi\u00f3n de Juventudes, celebr\u00f3 que la generaci\u00f3n de j\u00f3venes participe en los cambios positivos e inspire a los dem\u00e1s para manifestarse con libertad, pasi\u00f3n y amor, as\u00ed como contribuir a la formaci\u00f3n de una sociedad m\u00e1s justa y equilibrada.<\/p>\n\n\n\n<p>Cabe destacar que todos los participantes recibieron un reconocimiento, entregado por el jurado. En el evento tambi\u00e9n se cont\u00f3 con la presencia de importantes personalidades del sector acad\u00e9mico.<\/p>\n","protected":false},"excerpt":{"rendered":"<p>Lerdo, 07 de septiembre 2024.- En el Teatro Hermila Galindo se desarroll\u00f3 la segunda edici\u00f3n del Premio Municipal de las Juventudes, el viernes por la tarde, donde el Presidente Municipal Homero Mart\u00ednez Cabrera premi\u00f3 a los j\u00f3venes m\u00e1s destacados en las categor\u00edas de Logro Acad\u00e9mico, Nueva Generaci\u00f3n, Innovaci\u00f3n Emprendedora, Logro Deportivo, Compromiso Social, Arte y [&hellip;]<\/p>\n","protected":false},"author":1,"featured_media":9370,"comment_status":"open","ping_status":"open","sticky":false,"template":"","format":"standard","meta":{"_monsterinsights_skip_tracking":false,"_monsterinsights_sitenote_active":false,"_monsterinsights_sitenote_note":"","_monsterinsights_sitenote_category":0,"footnotes":""},"categories":[1],"tags":[],"_links":{"self":[{"href":"https:\/\/zonalimitrofe-cbnr.com\/index.php\/wp-json\/wp\/v2\/posts\/9369"}],"collection":[{"href":"https:\/\/zonalimitrofe-cbnr.com\/index.php\/wp-json\/wp\/v2\/posts"}],"about":[{"href":"https:\/\/zonalimitrofe-cbnr.com\/index.php\/wp-json\/wp\/v2\/types\/post"}],"author":[{"embeddable":true,"href":"https:\/\/zonalimitrofe-cbnr.com\/index.php\/wp-json\/wp\/v2\/users\/1"}],"replies":[{"embeddable":true,"href":"https:\/\/zonalimitrofe-cbnr.com\/index.php\/wp-json\/wp\/v2\/comments?post=9369"}],"version-history":[{"count":1,"href":"https:\/\/zonalimitrofe-cbnr.com\/index.php\/wp-json\/wp\/v2\/posts\/9369\/revisions"}],"predecessor-version":[{"id":9371,"href":"https:\/\/zonalimitrofe-cbnr.com\/index.php\/wp-json\/wp\/v2\/posts\/9369\/revisions\/9371"}],"wp:featuredmedia":[{"embeddable":true,"href":"https:\/\/zonalimitrofe-cbnr.com\/index.php\/wp-json\/wp\/v2\/media\/9370"}],"wp:attachment":[{"href":"https:\/\/zonalimitrofe-cbnr.com\/index.php\/wp-json\/wp\/v2\/media?parent=9369"}],"wp:term":[{"taxonomy":"category","embeddable":true,"href":"https:\/\/zonalimitrofe-cbnr.com\/index.php\/wp-json\/wp\/v2\/categories?post=9369"},{"taxonomy":"post_tag","embeddable":true,"href":"https:\/\/zonalimitrofe-cbnr.com\/index.php\/wp-json\/wp\/v2\/tags?post=9369"}],"curies":[{"name":"wp","href":"https:\/\/api.w.org\/{rel}","templated":true}]}}