{"id":9366,"date":"2024-09-07T13:30:53","date_gmt":"2024-09-07T19:30:53","guid":{"rendered":"https:\/\/zonalimitrofe-cbnr.com\/?p=9366"},"modified":"2024-09-07T13:30:53","modified_gmt":"2024-09-07T19:30:53","slug":"gp-galardona-ayuntamiento-de-gomez-palacio-a-jovenes-destacados-en-el-ambito-academico-y-deportivo","status":"publish","type":"post","link":"https:\/\/zonalimitrofe-cbnr.com\/index.php\/2024\/09\/07\/gp-galardona-ayuntamiento-de-gomez-palacio-a-jovenes-destacados-en-el-ambito-academico-y-deportivo\/","title":{"rendered":"#GP. Galardona Ayuntamiento de G\u00f3mez Palacio a j\u00f3venes destacados en el \u00e1mbito acad\u00e9mico y deportivo*"},"content":{"rendered":"\n<p>Por segundo a\u00f1o consecutivo, el Ayuntamiento de G\u00f3mez Palacio, a trav\u00e9s del Instituto Municipal de la Juventud, entreg\u00f3 reconocimientos a j\u00f3venes que se destacaron en el \u00e1mbito acad\u00e9mico y deportivo, esto con el fin de estimularlos a que contin\u00faen desarrollando sus aptitudes.<\/p>\n\n\n\n<p>Sof\u00eda Carriedo Garc\u00eda, titular del IMJ indic\u00f3 que esta segunda edici\u00f3n cont\u00f3 con una amplia participaci\u00f3n, por ello fueron galardonados 100 j\u00f3venes, los cuales se seleccionaron tras una minuciosa revisi\u00f3n de sus m\u00e9ritos escolares y deportivos.<\/p>\n\n\n\n<p>Carriedo Garc\u00eda se\u00f1al\u00f3 que gracias al apoyo de la Presidenta Municipal Leticia Herrera Ale, este sector de la poblaci\u00f3n cuenta con m\u00e1s herramientas y oportunidades para salir adelante y prosperar, debido a que desde el inicio de esta administraci\u00f3n se impulsan programas e iniciativas a favor de los j\u00f3venes.<\/p>\n\n\n\n<p>Los galardonados estuvieron presentes al interior del Auditorio Benito Ju\u00e1rez, de la Presidencia Municipal, donde se les conmin\u00f3 para que contin\u00faen buscando mejorar y destacar en todos los aspectos de su vida.<\/p>\n","protected":false},"excerpt":{"rendered":"<p>Por segundo a\u00f1o consecutivo, el Ayuntamiento de G\u00f3mez Palacio, a trav\u00e9s del Instituto Municipal de la Juventud, entreg\u00f3 reconocimientos a j\u00f3venes que se destacaron en el \u00e1mbito acad\u00e9mico y deportivo, esto con el fin de estimularlos a que contin\u00faen desarrollando sus aptitudes. Sof\u00eda Carriedo Garc\u00eda, titular del IMJ indic\u00f3 que esta segunda edici\u00f3n cont\u00f3 con [&hellip;]<\/p>\n","protected":false},"author":1,"featured_media":9367,"comment_status":"open","ping_status":"open","sticky":false,"template":"","format":"standard","meta":{"_monsterinsights_skip_tracking":false,"_monsterinsights_sitenote_active":false,"_monsterinsights_sitenote_note":"","_monsterinsights_sitenote_category":0,"footnotes":""},"categories":[1],"tags":[],"_links":{"self":[{"href":"https:\/\/zonalimitrofe-cbnr.com\/index.php\/wp-json\/wp\/v2\/posts\/9366"}],"collection":[{"href":"https:\/\/zonalimitrofe-cbnr.com\/index.php\/wp-json\/wp\/v2\/posts"}],"about":[{"href":"https:\/\/zonalimitrofe-cbnr.com\/index.php\/wp-json\/wp\/v2\/types\/post"}],"author":[{"embeddable":true,"href":"https:\/\/zonalimitrofe-cbnr.com\/index.php\/wp-json\/wp\/v2\/users\/1"}],"replies":[{"embeddable":true,"href":"https:\/\/zonalimitrofe-cbnr.com\/index.php\/wp-json\/wp\/v2\/comments?post=9366"}],"version-history":[{"count":1,"href":"https:\/\/zonalimitrofe-cbnr.com\/index.php\/wp-json\/wp\/v2\/posts\/9366\/revisions"}],"predecessor-version":[{"id":9368,"href":"https:\/\/zonalimitrofe-cbnr.com\/index.php\/wp-json\/wp\/v2\/posts\/9366\/revisions\/9368"}],"wp:featuredmedia":[{"embeddable":true,"href":"https:\/\/zonalimitrofe-cbnr.com\/index.php\/wp-json\/wp\/v2\/media\/9367"}],"wp:attachment":[{"href":"https:\/\/zonalimitrofe-cbnr.com\/index.php\/wp-json\/wp\/v2\/media?parent=9366"}],"wp:term":[{"taxonomy":"category","embeddable":true,"href":"https:\/\/zonalimitrofe-cbnr.com\/index.php\/wp-json\/wp\/v2\/categories?post=9366"},{"taxonomy":"post_tag","embeddable":true,"href":"https:\/\/zonalimitrofe-cbnr.com\/index.php\/wp-json\/wp\/v2\/tags?post=9366"}],"curies":[{"name":"wp","href":"https:\/\/api.w.org\/{rel}","templated":true}]}}