{"id":9353,"date":"2024-09-06T16:42:55","date_gmt":"2024-09-06T22:42:55","guid":{"rendered":"https:\/\/zonalimitrofe-cbnr.com\/?p=9353"},"modified":"2024-09-06T16:42:55","modified_gmt":"2024-09-06T22:42:55","slug":"lerdo-por-entregar-rehabilitacion-integral-de-la-plaza-benito-juarez-en-lerdo","status":"publish","type":"post","link":"https:\/\/zonalimitrofe-cbnr.com\/index.php\/2024\/09\/06\/lerdo-por-entregar-rehabilitacion-integral-de-la-plaza-benito-juarez-en-lerdo\/","title":{"rendered":"#Lerdo. POR ENTREGAR REHABILITACI\u00d3N INTEGRAL DE LA PLAZA BENITO JU\u00c1REZ EN LERDO*"},"content":{"rendered":"\n<p>Lerdo, 06 de septiembre 2024. Despu\u00e9s de 30 a\u00f1os sin recibir una rehabilitaci\u00f3n integral, la Plazuela Benito Ju\u00e1rez est\u00e1 lista para ser entregada la pr\u00f3xima semana, anunci\u00f3 el Alcalde Homero Mart\u00ednez. Este espacio, que es un punto ic\u00f3nico de la ciudad, ha sido renovado para el disfrute de miles de ciudadanos.<\/p>\n\n\n\n<p>El proyecto de rehabilitaci\u00f3n incluy\u00f3 la instalaci\u00f3n de vitropiso colonial, bancas con techumbre, la remodelaci\u00f3n de bustos y puestos comerciales, la construcci\u00f3n de un m\u00f3dulo de sanitarios, reforestaci\u00f3n, \u00e1reas de juegos infantiles y la creaci\u00f3n de una nueva oficina de gobierno denominada &#8220;Centro de Informaci\u00f3n Tur\u00edstica&#8221;.<\/p>\n\n\n\n<p>Este centro brindar\u00e1 a los visitantes la oportunidad de conocer a fondo los principales atractivos tur\u00edsticos del municipio, facilitando informaci\u00f3n sobre su localizaci\u00f3n, opciones de traslado y las ofertas gastron\u00f3micas de la regi\u00f3n. Adem\u00e1s, estar\u00e1 coordinado con el programa \u201cTu fin de Semana en Lerdo\u201d, ofreciendo un servicio integral a los turistas.<\/p>\n\n\n\n<p>Mart\u00ednez Cabrera coment\u00f3 que, a pesar de las recientes lluvias que han retrasado parcialmente los trabajos, la entrega de esta obra est\u00e1 prevista para la pr\u00f3xima semana, con el objetivo de revitalizar el coraz\u00f3n de Lerdo y mejorar la experiencia de sus habitantes y visitantes.<\/p>\n","protected":false},"excerpt":{"rendered":"<p>Lerdo, 06 de septiembre 2024. Despu\u00e9s de 30 a\u00f1os sin recibir una rehabilitaci\u00f3n integral, la Plazuela Benito Ju\u00e1rez est\u00e1 lista para ser entregada la pr\u00f3xima semana, anunci\u00f3 el Alcalde Homero Mart\u00ednez. Este espacio, que es un punto ic\u00f3nico de la ciudad, ha sido renovado para el disfrute de miles de ciudadanos. El proyecto de rehabilitaci\u00f3n [&hellip;]<\/p>\n","protected":false},"author":1,"featured_media":9354,"comment_status":"open","ping_status":"open","sticky":false,"template":"","format":"standard","meta":{"_monsterinsights_skip_tracking":false,"_monsterinsights_sitenote_active":false,"_monsterinsights_sitenote_note":"","_monsterinsights_sitenote_category":0,"footnotes":""},"categories":[1],"tags":[],"_links":{"self":[{"href":"https:\/\/zonalimitrofe-cbnr.com\/index.php\/wp-json\/wp\/v2\/posts\/9353"}],"collection":[{"href":"https:\/\/zonalimitrofe-cbnr.com\/index.php\/wp-json\/wp\/v2\/posts"}],"about":[{"href":"https:\/\/zonalimitrofe-cbnr.com\/index.php\/wp-json\/wp\/v2\/types\/post"}],"author":[{"embeddable":true,"href":"https:\/\/zonalimitrofe-cbnr.com\/index.php\/wp-json\/wp\/v2\/users\/1"}],"replies":[{"embeddable":true,"href":"https:\/\/zonalimitrofe-cbnr.com\/index.php\/wp-json\/wp\/v2\/comments?post=9353"}],"version-history":[{"count":1,"href":"https:\/\/zonalimitrofe-cbnr.com\/index.php\/wp-json\/wp\/v2\/posts\/9353\/revisions"}],"predecessor-version":[{"id":9355,"href":"https:\/\/zonalimitrofe-cbnr.com\/index.php\/wp-json\/wp\/v2\/posts\/9353\/revisions\/9355"}],"wp:featuredmedia":[{"embeddable":true,"href":"https:\/\/zonalimitrofe-cbnr.com\/index.php\/wp-json\/wp\/v2\/media\/9354"}],"wp:attachment":[{"href":"https:\/\/zonalimitrofe-cbnr.com\/index.php\/wp-json\/wp\/v2\/media?parent=9353"}],"wp:term":[{"taxonomy":"category","embeddable":true,"href":"https:\/\/zonalimitrofe-cbnr.com\/index.php\/wp-json\/wp\/v2\/categories?post=9353"},{"taxonomy":"post_tag","embeddable":true,"href":"https:\/\/zonalimitrofe-cbnr.com\/index.php\/wp-json\/wp\/v2\/tags?post=9353"}],"curies":[{"name":"wp","href":"https:\/\/api.w.org\/{rel}","templated":true}]}}