{"id":9347,"date":"2024-09-06T16:32:20","date_gmt":"2024-09-06T22:32:20","guid":{"rendered":"https:\/\/zonalimitrofe-cbnr.com\/?p=9347"},"modified":"2024-09-06T16:32:20","modified_gmt":"2024-09-06T22:32:20","slug":"torreon-solicitan-una-evaluacion-de-afectaciones-en-torreon-por-las-fuertes-lluvias-registradas","status":"publish","type":"post","link":"https:\/\/zonalimitrofe-cbnr.com\/index.php\/2024\/09\/06\/torreon-solicitan-una-evaluacion-de-afectaciones-en-torreon-por-las-fuertes-lluvias-registradas\/","title":{"rendered":"#Torre\u00f3n. Solicitan una evaluaci\u00f3n de afectaciones en Torre\u00f3n por las fuertes lluvias registradas.\u00a0"},"content":{"rendered":"\n<p>Torre\u00f3n, Coahuila. A 6 de septiembre de 2024.<\/p>\n\n\n\n<p>Durante la trig\u00e9sima quinta reuni\u00f3n semanal de seguridad, que presidi\u00f3 la Secretaria del Ayuntamiento, Natalia Guadalupe Fern\u00e1ndez Mart\u00ednez, en representaci\u00f3n del alcalde Rom\u00e1n Alberto Cepeda Gonz\u00e1lez, solicit\u00f3 hacer una evaluaci\u00f3n cualitativa y cuantitativa de los da\u00f1os ocasionados en la ciudad por las lluvias at\u00edpicas registradas desde el pasado s\u00e1bado.<br>&nbsp;<br>La funcionaria hizo extensivo el agradecimiento por parte del Alcalde a la SEDENA, Guardia Nacional, y autoridades municipales que han brindado el apoyo para atender la contingencia.<br>&nbsp;<br>En ese sentido, resalt\u00f3 la buena coordinaci\u00f3n y el trabajo que se ha realizado desde la noche del s\u00e1bado y que contin\u00faa con la atenci\u00f3n a las afectaciones que prevalecen en algunos sectores como es principalmente en colonias del sur y oriente de la ciudad.<br>&nbsp;<br>\u201cEl Alcalde ha estado de manera personal atendiendo y dando instrucciones a los responsables de las dependencias desde el s\u00e1bado, y a partir de que se emitiera la Declaratoria de Emergencia Parcial y los Planes de contingencia DNIII E y GN A, de manera coordinada con la Guardia Nacional y el Ej\u00e9rcito Mexicano\u201d, se\u00f1al\u00f3 la secretaria.<br>&nbsp;<br>Dijo que a pesar de que se ha estado monitoreando constantemente los pron\u00f3sticos de lluvia, siguen siendo variables, por lo que la estrategia de la Administraci\u00f3n Municipal contin\u00faa siendo el trabajo de atenci\u00f3n, previo, durante y posterior a las precipitaciones.<br>&nbsp;<br>Fern\u00e1ndez Mart\u00ednez destac\u00f3 que las acciones del Plan Municipal de Atenci\u00f3n a Lluvias que se implement\u00f3 desde el primer a\u00f1o de Gobierno del alcalde Rom\u00e1n Alberto Cepeda Gonz\u00e1lez, han repercutido favorablemente en la atenci\u00f3n de las afectaciones por anegaciones, as\u00ed como la vigilancia permanente de Tr\u00e1nsito y Vialidad, y la Polic\u00eda Municipal en la ciudad para resguardar la seguridad de la ciudadan\u00eda.<br>&nbsp;<br>Esas acciones tambi\u00e9n han permitido que no se haya incrementado el n\u00famero de accidentes viales, toda vez que se atiende con prontitud el cierre de calles y se realizan los trabajos de desag\u00fce.<br>&nbsp;<br>Sin embargo, la secretaria del Ayuntamiento solicit\u00f3 por parte del Alcalde, que una vez que concluya la labor de atenci\u00f3n para esta contingencia, se formule una evaluaci\u00f3n de los da\u00f1os cualitativos y cuantitativos, para contener alguna emergencia por desastre natural como el que puede esperarse con el cambio clim\u00e1tico.<br>&nbsp;<br>Adem\u00e1s, subray\u00f3 la disminuci\u00f3n en el periodo de tiempo de respuesta de la Administraci\u00f3n, para atender lluvias extraordinarias.<br>&nbsp;<br>Referente al \u00edndice semanal de incidencia delictiva, el comisario C\u00e9sar Antonio Perales Esparza, director de la Polic\u00eda Municipal, inform\u00f3 que en la semana del 28 de agosto al 3 de septiembre, disminuy\u00f3 el \u00edndice delictivo en el rubro de robo a accesorio de veh\u00edculo sin violencia, con cero eventos; y el robo a local comercial, con 14 eventos; se mantuvo el \u00edndice de robo a veh\u00edculo sin violencia, con dos eventos; el robo a local comercial con violencia, con dos eventos; y el robo a persona con violencia, con un evento.<br>&nbsp;<br>La Polic\u00eda Municipal efectu\u00f3 69 detenciones que fueron remitidas al Ministerio P\u00fablico y 67 al Juez Calificador.<br>&nbsp;<br>El Grupo de Reacci\u00f3n Torre\u00f3n realiz\u00f3 10 detenciones, relacionadas con la posesi\u00f3n de narc\u00f3ticos.<br>&nbsp;<br>Luis Alberto Morales Cort\u00e9s, director de Vialidad y Movilidad Urbana, inform\u00f3 que siguen registr\u00e1ndose casos de menores de edad conduciendo motocicletas, o como acompa\u00f1antes sin portar casco de protecci\u00f3n.<\/p>\n\n\n\n<p>Durante el mes de agosto se canaliz\u00f3 a 38 j\u00f3venes a la Procuradur\u00eda para ni\u00f1os, ni\u00f1as y la familia (Pronnif), as\u00ed como al DIF municipal.<br>&nbsp;<br>Por otro lado, en la semana se impartieron cuatro jornadas de cursos en manejo defensivo y preventivo a motociclistas, sumando 154 generaciones en la Administraci\u00f3n.<br>&nbsp;<br>Martha Esther Rodr\u00edguez Romero, presidenta del Tribunal de Justicia Municipal, inform\u00f3 que durante la semana se presentaron 64 accidentes viales, de los cuales, 61 fueron choques por falta de precauci\u00f3n como principal causa, que va relacionada a impacto por alcance y p\u00e9rdida de control del veh\u00edculo.<br>&nbsp;<br>Jorge Luis Ju\u00e1rez Llanas, director de Protecci\u00f3n Civil y Bomberos de Torre\u00f3n, mencion\u00f3 que en la semana revisada se atendieron 177 servicios por distintas causas, y adem\u00e1s detall\u00f3 la labor de coordinaci\u00f3n entre dependencias por las lluvias presentadas desde el s\u00e1bado pasado, que han acumulado hasta el d\u00eda de ayer, 160.4 mil\u00edmetros.<\/p>\n\n\n\n<p>El funcionario indic\u00f3 que la laguna de regulaci\u00f3n ubicada en la colonia Santiago Ram\u00edrez, alcanz\u00f3 nuevamente su capacidad con las precipitaciones del d\u00eda de ayer.<\/p>\n\n\n\n<p>Sin embargo, dijo que el trabajo realizado en los d\u00edas previos ha permitido mantener el control de la situaci\u00f3n evitando un riesgo para la seguridad de las familias de las zonas aleda\u00f1as.<br>&nbsp;<br>Ra\u00fal Gerardo Rodr\u00edguez Garc\u00eda, director de Inspecci\u00f3n y Verificaci\u00f3n, inform\u00f3 que los principales reportes que recibi\u00f3 la dependencia mediante el sistema 073 fueron por obstrucci\u00f3n en la v\u00eda p\u00fablica, con 16; y condiciones inadecuadas, con siete.<\/p>\n","protected":false},"excerpt":{"rendered":"<p>Torre\u00f3n, Coahuila. A 6 de septiembre de 2024. Durante la trig\u00e9sima quinta reuni\u00f3n semanal de seguridad, que presidi\u00f3 la Secretaria del Ayuntamiento, Natalia Guadalupe Fern\u00e1ndez Mart\u00ednez, en representaci\u00f3n del alcalde Rom\u00e1n Alberto Cepeda Gonz\u00e1lez, solicit\u00f3 hacer una evaluaci\u00f3n cualitativa y cuantitativa de los da\u00f1os ocasionados en la ciudad por las lluvias at\u00edpicas registradas desde el [&hellip;]<\/p>\n","protected":false},"author":1,"featured_media":9348,"comment_status":"open","ping_status":"open","sticky":false,"template":"","format":"standard","meta":{"_monsterinsights_skip_tracking":false,"_monsterinsights_sitenote_active":false,"_monsterinsights_sitenote_note":"","_monsterinsights_sitenote_category":0,"footnotes":""},"categories":[1],"tags":[],"_links":{"self":[{"href":"https:\/\/zonalimitrofe-cbnr.com\/index.php\/wp-json\/wp\/v2\/posts\/9347"}],"collection":[{"href":"https:\/\/zonalimitrofe-cbnr.com\/index.php\/wp-json\/wp\/v2\/posts"}],"about":[{"href":"https:\/\/zonalimitrofe-cbnr.com\/index.php\/wp-json\/wp\/v2\/types\/post"}],"author":[{"embeddable":true,"href":"https:\/\/zonalimitrofe-cbnr.com\/index.php\/wp-json\/wp\/v2\/users\/1"}],"replies":[{"embeddable":true,"href":"https:\/\/zonalimitrofe-cbnr.com\/index.php\/wp-json\/wp\/v2\/comments?post=9347"}],"version-history":[{"count":1,"href":"https:\/\/zonalimitrofe-cbnr.com\/index.php\/wp-json\/wp\/v2\/posts\/9347\/revisions"}],"predecessor-version":[{"id":9349,"href":"https:\/\/zonalimitrofe-cbnr.com\/index.php\/wp-json\/wp\/v2\/posts\/9347\/revisions\/9349"}],"wp:featuredmedia":[{"embeddable":true,"href":"https:\/\/zonalimitrofe-cbnr.com\/index.php\/wp-json\/wp\/v2\/media\/9348"}],"wp:attachment":[{"href":"https:\/\/zonalimitrofe-cbnr.com\/index.php\/wp-json\/wp\/v2\/media?parent=9347"}],"wp:term":[{"taxonomy":"category","embeddable":true,"href":"https:\/\/zonalimitrofe-cbnr.com\/index.php\/wp-json\/wp\/v2\/categories?post=9347"},{"taxonomy":"post_tag","embeddable":true,"href":"https:\/\/zonalimitrofe-cbnr.com\/index.php\/wp-json\/wp\/v2\/tags?post=9347"}],"curies":[{"name":"wp","href":"https:\/\/api.w.org\/{rel}","templated":true}]}}