{"id":9320,"date":"2024-09-06T16:08:44","date_gmt":"2024-09-06T22:08:44","guid":{"rendered":"https:\/\/zonalimitrofe-cbnr.com\/?p=9320"},"modified":"2024-09-06T16:08:45","modified_gmt":"2024-09-06T22:08:45","slug":"uadec-invita-uadec-a-la-charla-hablemos-de-suicidio","status":"publish","type":"post","link":"https:\/\/zonalimitrofe-cbnr.com\/index.php\/2024\/09\/06\/uadec-invita-uadec-a-la-charla-hablemos-de-suicidio\/","title":{"rendered":"#UAdeC. Invita UAdeC a la Charla \u201cHablemos de Suicidio\u201d"},"content":{"rendered":"\n<p>SALTILLO, Coahuila. 6 de septiembre de 2024. En conmemoraci\u00f3n spor el D\u00eda Mundial de la Prevenci\u00f3n del Suicidio, la Universidad Aut\u00f3noma de Coahuila, a trav\u00e9s de la Defensor\u00eda de los Derechos Humanos Universitarios invita a su comunidad universitaria y p\u00fablico en general a la Charla &#8220;Hablemos de Suicidio&#8221; la cual se llevar\u00e1 a cabo el 10 de septiembre a las 12:00 horas a trav\u00e9s de la plataforma Microsoft Teams.<\/p>\n\n\n\n<p>La Charla ser\u00e1 conducida por el docente de la Facultad de Psicolog\u00eda de la UAdeC, Pedro Rosas Fuentes, quien abordar\u00e1 una serie de temas esenciales para comprender y prevenir el suicidio, entre los puntos a tratar se incluyen una explicaci\u00f3n clara de qu\u00e9 es el suicidio, la identificaci\u00f3n de las personas en riesgo.<\/p>\n\n\n\n<p>Ademqs de los signos de advertencia que podr\u00edan indicar una situaci\u00f3n de peligro inminente, adem\u00e1s, se discutir\u00e1n los factores protectores que pueden ayudar a prevenir el suicidio y las diversas opciones de tratamiento y terapias disponibles para quienes lo necesiten.<\/p>\n\n\n\n<p>Otro aspecto importante de la charla ser\u00e1 la presentaci\u00f3n de las opciones que la Universidad ofrece en materia de salud mental, como los programas que pome a disposici\u00f3n de sus estudiantes y personal para apoyar su bienestar emocional y psicol\u00f3gico.<\/p>\n\n\n\n<p>Las personas interesadas deben registrarse a trav\u00e9s del formulario disponible en https:\/\/forms.gle\/mzG1KKqh97gBvGr29, donde proporcionar\u00e1n nombre completo y cuenta de correo, posteriormente, se les enviar\u00e1 la liga de acceso a la plataforma Teams.<\/p>\n\n\n\n<p>Para m\u00e1s informaci\u00f3n, visitar la p\u00e1gina de Facebook \u201cDefensor\u00eda de los Derechos Humanos Universitarios UAdeC\u201d, llamar al tel\u00e9fono de la dependencia (844) 438 15 03 ext. 1503, o enviar mensaje a la direcci\u00f3n de correo electr\u00f3nico defensoria@uadec.edu.mx.<\/p>\n\n\n\n<p>La Organizaci\u00f3n Mundial de la Salud (OMS) estableci\u00f3 desde 2003, el 10 de septiembre como el \u201cD\u00eda Mundial para la Prevenci\u00f3n del Suicidio\u201d, con el objetivo de que las naciones del mundo implementen y promuevan acciones para combatir este problema de salud p\u00fablica.<\/p>\n","protected":false},"excerpt":{"rendered":"<p>SALTILLO, Coahuila. 6 de septiembre de 2024. En conmemoraci\u00f3n spor el D\u00eda Mundial de la Prevenci\u00f3n del Suicidio, la Universidad Aut\u00f3noma de Coahuila, a trav\u00e9s de la Defensor\u00eda de los Derechos Humanos Universitarios invita a su comunidad universitaria y p\u00fablico en general a la Charla &#8220;Hablemos de Suicidio&#8221; la cual se llevar\u00e1 a cabo el [&hellip;]<\/p>\n","protected":false},"author":1,"featured_media":9321,"comment_status":"open","ping_status":"open","sticky":false,"template":"","format":"standard","meta":{"_monsterinsights_skip_tracking":false,"_monsterinsights_sitenote_active":false,"_monsterinsights_sitenote_note":"","_monsterinsights_sitenote_category":0,"footnotes":""},"categories":[1],"tags":[],"_links":{"self":[{"href":"https:\/\/zonalimitrofe-cbnr.com\/index.php\/wp-json\/wp\/v2\/posts\/9320"}],"collection":[{"href":"https:\/\/zonalimitrofe-cbnr.com\/index.php\/wp-json\/wp\/v2\/posts"}],"about":[{"href":"https:\/\/zonalimitrofe-cbnr.com\/index.php\/wp-json\/wp\/v2\/types\/post"}],"author":[{"embeddable":true,"href":"https:\/\/zonalimitrofe-cbnr.com\/index.php\/wp-json\/wp\/v2\/users\/1"}],"replies":[{"embeddable":true,"href":"https:\/\/zonalimitrofe-cbnr.com\/index.php\/wp-json\/wp\/v2\/comments?post=9320"}],"version-history":[{"count":1,"href":"https:\/\/zonalimitrofe-cbnr.com\/index.php\/wp-json\/wp\/v2\/posts\/9320\/revisions"}],"predecessor-version":[{"id":9322,"href":"https:\/\/zonalimitrofe-cbnr.com\/index.php\/wp-json\/wp\/v2\/posts\/9320\/revisions\/9322"}],"wp:featuredmedia":[{"embeddable":true,"href":"https:\/\/zonalimitrofe-cbnr.com\/index.php\/wp-json\/wp\/v2\/media\/9321"}],"wp:attachment":[{"href":"https:\/\/zonalimitrofe-cbnr.com\/index.php\/wp-json\/wp\/v2\/media?parent=9320"}],"wp:term":[{"taxonomy":"category","embeddable":true,"href":"https:\/\/zonalimitrofe-cbnr.com\/index.php\/wp-json\/wp\/v2\/categories?post=9320"},{"taxonomy":"post_tag","embeddable":true,"href":"https:\/\/zonalimitrofe-cbnr.com\/index.php\/wp-json\/wp\/v2\/tags?post=9320"}],"curies":[{"name":"wp","href":"https:\/\/api.w.org\/{rel}","templated":true}]}}