{"id":9306,"date":"2024-09-05T15:32:26","date_gmt":"2024-09-05T21:32:26","guid":{"rendered":"https:\/\/zonalimitrofe-cbnr.com\/?p=9306"},"modified":"2024-09-05T15:32:26","modified_gmt":"2024-09-05T21:32:26","slug":"uadec-inauguran-uadec-y-uniautonoma-el-primer-congreso-internacional","status":"publish","type":"post","link":"https:\/\/zonalimitrofe-cbnr.com\/index.php\/2024\/09\/05\/uadec-inauguran-uadec-y-uniautonoma-el-primer-congreso-internacional\/","title":{"rendered":"#UAdeC. Inauguran UAdeC y UniAut\u00f3noma el Primer Congreso Internacional"},"content":{"rendered":"\n<p>de Ingenier\u00eda<\/p>\n\n\n\n<p>BARRANQUILLA, Colombia. 5 de septiembre de 2024. La Universidad Aut\u00f3noma de Coahuila, a trav\u00e9s de la Facultad de Ingenier\u00eda Mec\u00e1nica y El\u00e9ctrica (FIME), Unidad Norte y en colaboraci\u00f3n con la Universidad Aut\u00f3noma del Caribe (UniAut\u00f3noma), inauguraron las actividades del Primer Congreso Internacional de Ingenier\u00eda \u201cSociedades Digitales y Sostenibilidad\u201d, evento de car\u00e1cter h\u00edbrido que se llev\u00f3 a cabo de manera presencial en el Edificio de Posgrado a trav\u00e9s de la plataforma Facebook Live.<\/p>\n\n\n\n<p>Este Congreso es un evento cient\u00edfico y acad\u00e9mico cuyo objetivo es promover nuevas iniciativas en el campo de la ingenier\u00eda, destacar proyectos exitosos en beneficio de la sociedad, por lo que re\u00fane a especialistas nacionales e internacionales en Ingenier\u00eda, fomentando la colaboraci\u00f3n y el intercambio de conocimientos en diversas \u00e1reas de la ingenier\u00eda frente a los nuevos desaf\u00edos globales.<\/p>\n\n\n\n<p>En representaci\u00f3n de la UAdeC, asistieron el subdirector acad\u00e9mico de FIME, Jes\u00fas Rolando Rodr\u00edguez Silva, y los docentes e investigadores Olga Maricela Preciado Mart\u00ednez y Jes\u00fas Emilio Camporredondo Saucedo; por parte de la UNIAut\u00f3noma, participaron el rector, Jorge Enrique Senior Mart\u00ednez, el vicerrector acad\u00e9mico, Pablo Daniel Bonaveri, la decana de la Facultad de Ingenier\u00eda, Rita Jaramillo Ceballos y el secretario general, Eduardo Arteta Coronell.<\/p>\n\n\n\n<p>En su mensaje, la decana de la Facultad de Ingenier\u00eda, Rita Jaramillo Ceballos, agradeci\u00f3 al rector de la m\u00e1xima casa de estudios, Octavio Pimentel Mart\u00ednez y resalt\u00f3 el car\u00e1cter colaborativo del Congreso con la UAdeC, destac\u00f3 la importancia de este evento, que, adem\u00e1s celebra 30 a\u00f1os de vida acad\u00e9mica de la Facultad de Ingenier\u00eda de la Universidad del Caribe.<\/p>\n\n\n\n<p>Jaramillo Ceballos, subray\u00f3 que el Congreso abordar\u00e1 dos desaf\u00edos cruciales de nuestro tiempo, las sociedades digitales y la sostenibilidad, se\u00f1alando que la Ingenier\u00eda tiene el poder de transformar e integrar la innovaci\u00f3n tecnol\u00f3gica con los Objetivos de Desarrollo Sostenible (ODS).<\/p>\n\n\n\n<p>Por lo que invit\u00f3 a los asistentes a aprovechar la jornada acad\u00e9mica en la cual se llevar\u00e1n a cabo conferencias, conversatorios y talleres enfocados en temas como los desaf\u00edos energ\u00e9ticos del Caribe, energ\u00edas no convencionales, inteligencia artificial y el rol de las mujeres en la ingenier\u00eda.<\/p>\n\n\n\n<p>Posteriormente se dio paso a la Conferencia inaugural \u201cEl cambio como modo de vida\u201d, a cargo del Ing. Omar Guadiana Rodr\u00edguez, director general de la empresa Magna Mecanismos M\u00e9xico.<\/p>\n","protected":false},"excerpt":{"rendered":"<p>de Ingenier\u00eda BARRANQUILLA, Colombia. 5 de septiembre de 2024. La Universidad Aut\u00f3noma de Coahuila, a trav\u00e9s de la Facultad de Ingenier\u00eda Mec\u00e1nica y El\u00e9ctrica (FIME), Unidad Norte y en colaboraci\u00f3n con la Universidad Aut\u00f3noma del Caribe (UniAut\u00f3noma), inauguraron las actividades del Primer Congreso Internacional de Ingenier\u00eda \u201cSociedades Digitales y Sostenibilidad\u201d, evento de car\u00e1cter h\u00edbrido que [&hellip;]<\/p>\n","protected":false},"author":1,"featured_media":9307,"comment_status":"open","ping_status":"open","sticky":false,"template":"","format":"standard","meta":{"_monsterinsights_skip_tracking":false,"_monsterinsights_sitenote_active":false,"_monsterinsights_sitenote_note":"","_monsterinsights_sitenote_category":0,"footnotes":""},"categories":[1],"tags":[],"_links":{"self":[{"href":"https:\/\/zonalimitrofe-cbnr.com\/index.php\/wp-json\/wp\/v2\/posts\/9306"}],"collection":[{"href":"https:\/\/zonalimitrofe-cbnr.com\/index.php\/wp-json\/wp\/v2\/posts"}],"about":[{"href":"https:\/\/zonalimitrofe-cbnr.com\/index.php\/wp-json\/wp\/v2\/types\/post"}],"author":[{"embeddable":true,"href":"https:\/\/zonalimitrofe-cbnr.com\/index.php\/wp-json\/wp\/v2\/users\/1"}],"replies":[{"embeddable":true,"href":"https:\/\/zonalimitrofe-cbnr.com\/index.php\/wp-json\/wp\/v2\/comments?post=9306"}],"version-history":[{"count":1,"href":"https:\/\/zonalimitrofe-cbnr.com\/index.php\/wp-json\/wp\/v2\/posts\/9306\/revisions"}],"predecessor-version":[{"id":9308,"href":"https:\/\/zonalimitrofe-cbnr.com\/index.php\/wp-json\/wp\/v2\/posts\/9306\/revisions\/9308"}],"wp:featuredmedia":[{"embeddable":true,"href":"https:\/\/zonalimitrofe-cbnr.com\/index.php\/wp-json\/wp\/v2\/media\/9307"}],"wp:attachment":[{"href":"https:\/\/zonalimitrofe-cbnr.com\/index.php\/wp-json\/wp\/v2\/media?parent=9306"}],"wp:term":[{"taxonomy":"category","embeddable":true,"href":"https:\/\/zonalimitrofe-cbnr.com\/index.php\/wp-json\/wp\/v2\/categories?post=9306"},{"taxonomy":"post_tag","embeddable":true,"href":"https:\/\/zonalimitrofe-cbnr.com\/index.php\/wp-json\/wp\/v2\/tags?post=9306"}],"curies":[{"name":"wp","href":"https:\/\/api.w.org\/{rel}","templated":true}]}}