{"id":9254,"date":"2024-09-04T15:30:26","date_gmt":"2024-09-04T21:30:26","guid":{"rendered":"https:\/\/zonalimitrofe-cbnr.com\/?p=9254"},"modified":"2024-09-04T15:30:26","modified_gmt":"2024-09-04T21:30:26","slug":"lerdo-anuncia-homero-martinez-a-rieleros-del-norte-para-el-grito-de-independencia","status":"publish","type":"post","link":"https:\/\/zonalimitrofe-cbnr.com\/index.php\/2024\/09\/04\/lerdo-anuncia-homero-martinez-a-rieleros-del-norte-para-el-grito-de-independencia\/","title":{"rendered":"#Lerdo. ANUNCIA HOMERO MART\u00cdNEZ A RIELEROS DEL NORTE PARA EL GRITO DE INDEPENDENCIA*"},"content":{"rendered":"\n<p>Lerdo, 04 de septiembre 2024.- El Presidente Municipal de Lerdo, Homero Mart\u00ednez Cabrera, anunci\u00f3 que la celebraci\u00f3n del tradicional baile del 15 de septiembre, con motivo del D\u00eda de la Independencia de M\u00e9xico, ser\u00e1 amenizado por el famoso grupo musical Rieleros del Norte.<\/p>\n\n\n\n<p>El Alcalde de Lerdo, extendi\u00f3 una cordial invitaci\u00f3n a todos los ciudadanos para que se unan a esta celebraci\u00f3n patria. Adem\u00e1s del baile, el evento contar\u00e1 con presentaciones musicales, bailables t\u00edpicos de la regi\u00f3n, y la tradicional pirotecnia. Tambi\u00e9n habr\u00e1 venta de art\u00edculos y comida t\u00edpica, lo que convertir\u00e1 la noche en una verdadera fiesta mexicana.<\/p>\n\n\n\n<p>Mart\u00ednez Cabrera se\u00f1al\u00f3 que las dependencias municipales, como Educaci\u00f3n, Arte y Cultura, coordinan la log\u00edstica de este importante evento y del tradicional Desfile Militar por el d\u00eda de la Independencia de M\u00e9xico, que se desarrollar\u00e1 el 16 de septiembre.<\/p>\n\n\n\n<p>Para garantizar la seguridad de los asistentes, la Direcci\u00f3n de Seguridad P\u00fablica, en coordinaci\u00f3n con el Mando Especial de La Laguna, implementar\u00e1 un operativo especial, asegurando que las fiestas patrias se desarrollen en un ambiente de paz y tranquilidad.<\/p>\n","protected":false},"excerpt":{"rendered":"<p>Lerdo, 04 de septiembre 2024.- El Presidente Municipal de Lerdo, Homero Mart\u00ednez Cabrera, anunci\u00f3 que la celebraci\u00f3n del tradicional baile del 15 de septiembre, con motivo del D\u00eda de la Independencia de M\u00e9xico, ser\u00e1 amenizado por el famoso grupo musical Rieleros del Norte. El Alcalde de Lerdo, extendi\u00f3 una cordial invitaci\u00f3n a todos los ciudadanos [&hellip;]<\/p>\n","protected":false},"author":1,"featured_media":9255,"comment_status":"open","ping_status":"open","sticky":false,"template":"","format":"standard","meta":{"_monsterinsights_skip_tracking":false,"_monsterinsights_sitenote_active":false,"_monsterinsights_sitenote_note":"","_monsterinsights_sitenote_category":0,"footnotes":""},"categories":[1],"tags":[],"_links":{"self":[{"href":"https:\/\/zonalimitrofe-cbnr.com\/index.php\/wp-json\/wp\/v2\/posts\/9254"}],"collection":[{"href":"https:\/\/zonalimitrofe-cbnr.com\/index.php\/wp-json\/wp\/v2\/posts"}],"about":[{"href":"https:\/\/zonalimitrofe-cbnr.com\/index.php\/wp-json\/wp\/v2\/types\/post"}],"author":[{"embeddable":true,"href":"https:\/\/zonalimitrofe-cbnr.com\/index.php\/wp-json\/wp\/v2\/users\/1"}],"replies":[{"embeddable":true,"href":"https:\/\/zonalimitrofe-cbnr.com\/index.php\/wp-json\/wp\/v2\/comments?post=9254"}],"version-history":[{"count":1,"href":"https:\/\/zonalimitrofe-cbnr.com\/index.php\/wp-json\/wp\/v2\/posts\/9254\/revisions"}],"predecessor-version":[{"id":9256,"href":"https:\/\/zonalimitrofe-cbnr.com\/index.php\/wp-json\/wp\/v2\/posts\/9254\/revisions\/9256"}],"wp:featuredmedia":[{"embeddable":true,"href":"https:\/\/zonalimitrofe-cbnr.com\/index.php\/wp-json\/wp\/v2\/media\/9255"}],"wp:attachment":[{"href":"https:\/\/zonalimitrofe-cbnr.com\/index.php\/wp-json\/wp\/v2\/media?parent=9254"}],"wp:term":[{"taxonomy":"category","embeddable":true,"href":"https:\/\/zonalimitrofe-cbnr.com\/index.php\/wp-json\/wp\/v2\/categories?post=9254"},{"taxonomy":"post_tag","embeddable":true,"href":"https:\/\/zonalimitrofe-cbnr.com\/index.php\/wp-json\/wp\/v2\/tags?post=9254"}],"curies":[{"name":"wp","href":"https:\/\/api.w.org\/{rel}","templated":true}]}}