{"id":9245,"date":"2024-09-04T14:45:08","date_gmt":"2024-09-04T20:45:08","guid":{"rendered":"https:\/\/zonalimitrofe-cbnr.com\/?p=9245"},"modified":"2024-09-04T14:45:08","modified_gmt":"2024-09-04T20:45:08","slug":"durango-todo-listo-hoy-sera-el-segundo-informe-de-resultados-del-gobernador-esteban-villegas","status":"publish","type":"post","link":"https:\/\/zonalimitrofe-cbnr.com\/index.php\/2024\/09\/04\/durango-todo-listo-hoy-sera-el-segundo-informe-de-resultados-del-gobernador-esteban-villegas\/","title":{"rendered":"#Durango. \u00a1Todo listo! Hoy ser\u00e1 el Segundo Informe de resultados del Gobernador Esteban Villegas*"},"content":{"rendered":"\n<ul>\n<li><em>En un ejercicio de rendici\u00f3n de cuentas a los duranguenses, el Mandatario priorizar\u00e1 logros en econom\u00eda, bienestar, agua para todos, atenci\u00f3n a sequ\u00eda y acciones DIF.<\/em><\/li>\n\n\n\n<li><em>Ciudadan\u00eda podr\u00e1 seguir este acto en las p\u00e1ginas de Facebook del Gobierno del Estado de Durango y en la de Esteban Villegas Villarreal.<\/em><\/li>\n<\/ul>\n\n\n\n<p>Este mi\u00e9rcoles por la tarde, el gobernador Esteban Villegas Villarreal, rendir\u00e1 su Segundo Informe de Gobierno, donde detallar\u00e1 ante la ciudadan\u00eda, las acciones y programas impulsados en rubros como desarrollo econ\u00f3mico, bienestar social, infraestructura h\u00eddrica, atenci\u00f3n a la sequ\u00eda y apoyos que cambian vidas.<\/p>\n\n\n\n<p>En un ejercicio de transparencia y rendici\u00f3n de cuentas, el mandatario duranguense presentar\u00e1 los logros obtenidos a dos a\u00f1os de trabajo al frente de la administraci\u00f3n estatal, siendo la Velaria del recinto de la Feria Nacional \u201cFrancisco Villa\u201d, el escenario donde el Mandatario Estatal se encontrar\u00e1 con la sociedad civil para darles a conocer las acciones m\u00e1s destacadas que su gobierno emprendi\u00f3 durante este periodo.<\/p>\n\n\n\n<p>El Gobernador llevar\u00e1 a cabo la exposici\u00f3n de los distintos logros de una manera din\u00e1mica y diferente, adem\u00e1s tiene preparadas varias sorpresas para los asistentes, mismas que podr\u00e1n seguir todos en la transmisi\u00f3n en vivo a trav\u00e9s de las redes oficiales del Gobierno del Estado de Durango y en la propia del Gobernador, Esteban Villegas Villarreal, la cual iniciar\u00e1 en punto de las 18:30 hrs de este mi\u00e9rcoles 04 de septiembre.<\/p>\n","protected":false},"excerpt":{"rendered":"<p>Este mi\u00e9rcoles por la tarde, el gobernador Esteban Villegas Villarreal, rendir\u00e1 su Segundo Informe de Gobierno, donde detallar\u00e1 ante la ciudadan\u00eda, las acciones y programas impulsados en rubros como desarrollo econ\u00f3mico, bienestar social, infraestructura h\u00eddrica, atenci\u00f3n a la sequ\u00eda y apoyos que cambian vidas. En un ejercicio de transparencia y rendici\u00f3n de cuentas, el mandatario [&hellip;]<\/p>\n","protected":false},"author":1,"featured_media":9246,"comment_status":"open","ping_status":"open","sticky":false,"template":"","format":"standard","meta":{"_monsterinsights_skip_tracking":false,"_monsterinsights_sitenote_active":false,"_monsterinsights_sitenote_note":"","_monsterinsights_sitenote_category":0,"footnotes":""},"categories":[1],"tags":[],"_links":{"self":[{"href":"https:\/\/zonalimitrofe-cbnr.com\/index.php\/wp-json\/wp\/v2\/posts\/9245"}],"collection":[{"href":"https:\/\/zonalimitrofe-cbnr.com\/index.php\/wp-json\/wp\/v2\/posts"}],"about":[{"href":"https:\/\/zonalimitrofe-cbnr.com\/index.php\/wp-json\/wp\/v2\/types\/post"}],"author":[{"embeddable":true,"href":"https:\/\/zonalimitrofe-cbnr.com\/index.php\/wp-json\/wp\/v2\/users\/1"}],"replies":[{"embeddable":true,"href":"https:\/\/zonalimitrofe-cbnr.com\/index.php\/wp-json\/wp\/v2\/comments?post=9245"}],"version-history":[{"count":1,"href":"https:\/\/zonalimitrofe-cbnr.com\/index.php\/wp-json\/wp\/v2\/posts\/9245\/revisions"}],"predecessor-version":[{"id":9247,"href":"https:\/\/zonalimitrofe-cbnr.com\/index.php\/wp-json\/wp\/v2\/posts\/9245\/revisions\/9247"}],"wp:featuredmedia":[{"embeddable":true,"href":"https:\/\/zonalimitrofe-cbnr.com\/index.php\/wp-json\/wp\/v2\/media\/9246"}],"wp:attachment":[{"href":"https:\/\/zonalimitrofe-cbnr.com\/index.php\/wp-json\/wp\/v2\/media?parent=9245"}],"wp:term":[{"taxonomy":"category","embeddable":true,"href":"https:\/\/zonalimitrofe-cbnr.com\/index.php\/wp-json\/wp\/v2\/categories?post=9245"},{"taxonomy":"post_tag","embeddable":true,"href":"https:\/\/zonalimitrofe-cbnr.com\/index.php\/wp-json\/wp\/v2\/tags?post=9245"}],"curies":[{"name":"wp","href":"https:\/\/api.w.org\/{rel}","templated":true}]}}