{"id":9215,"date":"2024-09-03T16:45:30","date_gmt":"2024-09-03T22:45:30","guid":{"rendered":"https:\/\/zonalimitrofe-cbnr.com\/?p=9215"},"modified":"2024-09-03T16:45:30","modified_gmt":"2024-09-03T22:45:30","slug":"coahuila-con-atractivas-innovaciones-la-filc-2024-se-convertira-en-la-reina-de-las-ferias","status":"publish","type":"post","link":"https:\/\/zonalimitrofe-cbnr.com\/index.php\/2024\/09\/03\/coahuila-con-atractivas-innovaciones-la-filc-2024-se-convertira-en-la-reina-de-las-ferias\/","title":{"rendered":"#Coahuila. CON ATRACTIVAS INNOVACIONES, LA FILC 2024 SE CONVERTIR\u00c1 EN LA REINA DE LAS FERIAS"},"content":{"rendered":"\n<ul>\n<li>Fomentar la lectura entre infantes y adolescentes, uno de los principales objetivos<\/li>\n\n\n\n<li>Por primera vez, participar\u00e1n el ICOJUVE. el INEDEC, el ITESM-Campus Saltillo y la Universidad Carolina<\/li>\n<\/ul>\n\n\n\n<p>Saltillo, Coahuila de Zaragoza, a 03 de septiembre de 2024.- La Feria Internacional del Libro Coahuila 2024 (FILC), se prepara con todo para convertirse en la reina de las ferias en su tipo de todo el pa\u00eds, dijo la Secretaria de Cultura, Esther Quintana Salinas.<\/p>\n\n\n\n<p>En rueda de prensa, inform\u00f3 que por primera vez se incorporan con diversas din\u00e1micas (torneos, exhibiciones, presentaciones de libros, entre otras), el ICOJUVE, el INEDEC, el ITESM, Campus-Saltillo y la Universidad Carolina, que ya cuentan con un completo programa de actividades.<\/p>\n\n\n\n<p>La FILC 2024, que en su XXVI edici\u00f3n llevar\u00e1 el lema \u201cLeer es de Gigantes\u201d, a celebrarse entre el 13 y el 23 de septiembre, contar\u00e1 a Canad\u00e1 y a Chihuahua como el pa\u00eds y el Estado invitados.<\/p>\n\n\n\n<p>Adem\u00e1s, como instituciones invitadas, estar\u00e1n la Universidad de Texas en Austin; la Universidad de Houston (University of Houston) y la Southern Methodist University (SMU) de Dallas, como parte de los festejos del Bicentenario de la fundaci\u00f3n del Estado de Coahuila-Texas.<\/p>\n\n\n\n<p>Tambi\u00e9n por primera ocasi\u00f3n, la FILC saldr\u00e1 del Centro Cultural de la UA de C, del Pueblo M\u00e1gico de Arteaga, para trasladarse a la comunidad de \u201cSan Antonio de las Alazanas\u201d, donde presentar\u00e1 actividades relacionadas con el fomento a la lectura para la ni\u00f1ez y la juventud, el domingo 15 a las tres de la tarde.<\/p>\n\n\n\n<p>Explic\u00f3 que este a\u00f1o se contar\u00e1 con 45 actividades para j\u00f3venes como talleres, charlas, torneos, exhibiciones y espect\u00e1culos art\u00edsticos.<\/p>\n\n\n\n<p>Para el esparcimiento de los visitantes a la FILC, a\u00f1adi\u00f3, habr\u00e1 40 actividades art\u00edsticas entre las que se cuentan obras de teatro, conciertos, presentaciones de danza folcl\u00f3rica y contempor\u00e1nea, entre otras.<\/p>\n\n\n\n<p>\u201cLa suma de esfuerzos con otras instituciones nos ayuda a que nuestra feria siga creciendo; este a\u00f1o se suman el Instituto Coahuilense de la Juventud, el Instituto Estatal del Deporte, la Universidad Carolina y el Tecnol\u00f3gico de Monterrey.<\/p>\n\n\n\n<p>\u201cAdem\u00e1s, presentamos una oferta especial enfocada al fomento de la lectura entre la ni\u00f1ez y juventud coahuilense, con el acompa\u00f1amiento de las familias como lo ha instruido el gobernador Manolo Jim\u00e9nez a fin de reforzar el h\u00e1bito de la lectura y con ello el desarrollo cultural de los coahuilenses\u201d, apunt\u00f3 Quintana Salinas.<\/p>\n\n\n\n<p>En la rueda de prensa, la titular de Cultura en la entidad, estuvo acompa\u00f1ada por el Rector de la Universidad Carolina, Esteban Garza Fishburn; el titular del INEDEC, Antonio Cepeda Lic\u00f3n y por el joven Esteban S\u00e1nchez G\u00e1mez, Capit\u00e1n del equipo de Rob\u00f3tica del Tec de Monterrey-Campus Saltillo.<\/p>\n\n\n\n<p>Asimismo, por los Coordinadores y de Literatura y Ediciones, Silvia Georgina Estrada; de Cultura Infantil, Jos\u00e9 Cruz Almonte, y Estatal de Fomento a la Lectura, Jorge D\u00e1vila.<\/p>\n\n\n\n<p>Por separado, detallaron las actividades que desarrollar\u00e1n sus respectivas \u00e1reas dentro de la Feria de las Letras: La Feria Internacional del Libro de Coahuila 2023: \u201cLeer es de Gigantes\u201d.<\/p>\n\n\n\n<p>NUMERALIA:<\/p>\n\n\n\n<ul>\n<li>M\u00e1s de 100 empresas editoriales<\/li>\n\n\n\n<li>133 stands editoriales<\/li>\n\n\n\n<li>Se esperan m\u00e1s de 140 mil visitantes.<\/li>\n\n\n\n<li>M\u00e1s de 30 espacios en el \u00e1rea institucional.<\/li>\n\n\n\n<li>Pa\u00eds invitado Canad\u00e1, estado invitado Chihuahua ,<\/li>\n\n\n\n<li>Derrama econ\u00f3mica cercana a los 17 millones de pesos<\/li>\n\n\n\n<li>Se proyecta recibir entre 20 mil y 25 mil estudiantes de educaci\u00f3n b\u00e1sica en las visitas escolares.<\/li>\n\n\n\n<li>Se impartir\u00e1n 19 diferentes talleres infantiles y juveniles con 740 sesiones a lo largo de la feria.<\/li>\n\n\n\n<li>Ser\u00e1n por:<\/li>\n<\/ul>\n\n\n\n<p>1) FILC Ni\u00f1os y Ni\u00f1as<\/p>\n\n\n\n<p>2) INSPIRA-COAHUILA<\/p>\n\n\n\n<p>3) SEDU\/BIBLIOTECAS<\/p>\n\n\n\n<p>4) SEDU\/CALIDAD EDUCATIVA<\/p>\n\n\n\n<p>5) SEDU\/PROCESOS EDUCATIVOS<\/p>\n\n\n\n<p>6) PROFAUNA<\/p>\n\n\n\n<p>7) CIQA<\/p>\n\n\n\n<p>8) CIZ<\/p>\n\n\n\n<p>9) ESCUELA SUPERIOR DE EDUCACI\u00d3N ART\u00cdSTICA<\/p>\n\n\n\n<p>10) COECYT COAHUILA<\/p>\n\n\n\n<p>11)T EC DE MONTERREY \u2013ROB\u00d3TICA<\/p>\n","protected":false},"excerpt":{"rendered":"<p>Saltillo, Coahuila de Zaragoza, a 03 de septiembre de 2024.- La Feria Internacional del Libro Coahuila 2024 (FILC), se prepara con todo para convertirse en la reina de las ferias en su tipo de todo el pa\u00eds, dijo la Secretaria de Cultura, Esther Quintana Salinas. En rueda de prensa, inform\u00f3 que por primera vez se [&hellip;]<\/p>\n","protected":false},"author":1,"featured_media":9216,"comment_status":"open","ping_status":"open","sticky":false,"template":"","format":"standard","meta":{"_monsterinsights_skip_tracking":false,"_monsterinsights_sitenote_active":false,"_monsterinsights_sitenote_note":"","_monsterinsights_sitenote_category":0,"footnotes":""},"categories":[1],"tags":[],"_links":{"self":[{"href":"https:\/\/zonalimitrofe-cbnr.com\/index.php\/wp-json\/wp\/v2\/posts\/9215"}],"collection":[{"href":"https:\/\/zonalimitrofe-cbnr.com\/index.php\/wp-json\/wp\/v2\/posts"}],"about":[{"href":"https:\/\/zonalimitrofe-cbnr.com\/index.php\/wp-json\/wp\/v2\/types\/post"}],"author":[{"embeddable":true,"href":"https:\/\/zonalimitrofe-cbnr.com\/index.php\/wp-json\/wp\/v2\/users\/1"}],"replies":[{"embeddable":true,"href":"https:\/\/zonalimitrofe-cbnr.com\/index.php\/wp-json\/wp\/v2\/comments?post=9215"}],"version-history":[{"count":1,"href":"https:\/\/zonalimitrofe-cbnr.com\/index.php\/wp-json\/wp\/v2\/posts\/9215\/revisions"}],"predecessor-version":[{"id":9217,"href":"https:\/\/zonalimitrofe-cbnr.com\/index.php\/wp-json\/wp\/v2\/posts\/9215\/revisions\/9217"}],"wp:featuredmedia":[{"embeddable":true,"href":"https:\/\/zonalimitrofe-cbnr.com\/index.php\/wp-json\/wp\/v2\/media\/9216"}],"wp:attachment":[{"href":"https:\/\/zonalimitrofe-cbnr.com\/index.php\/wp-json\/wp\/v2\/media?parent=9215"}],"wp:term":[{"taxonomy":"category","embeddable":true,"href":"https:\/\/zonalimitrofe-cbnr.com\/index.php\/wp-json\/wp\/v2\/categories?post=9215"},{"taxonomy":"post_tag","embeddable":true,"href":"https:\/\/zonalimitrofe-cbnr.com\/index.php\/wp-json\/wp\/v2\/tags?post=9215"}],"curies":[{"name":"wp","href":"https:\/\/api.w.org\/{rel}","templated":true}]}}