{"id":9203,"date":"2024-09-03T16:32:21","date_gmt":"2024-09-03T22:32:21","guid":{"rendered":"https:\/\/zonalimitrofe-cbnr.com\/?p=9203"},"modified":"2024-09-03T16:32:21","modified_gmt":"2024-09-03T22:32:21","slug":"lerdo-otorga-hmc-mas-de-300-cirugias-de-la-vista-a-lerdenses-en-segundo-ano-de-gobierno","status":"publish","type":"post","link":"https:\/\/zonalimitrofe-cbnr.com\/index.php\/2024\/09\/03\/lerdo-otorga-hmc-mas-de-300-cirugias-de-la-vista-a-lerdenses-en-segundo-ano-de-gobierno\/","title":{"rendered":"#Lerdo. OTORGA HMC M\u00c1S DE 300 CIRUG\u00cdAS DE LA VISTA A LERDENSES EN SEGUNDO A\u00d1O DE GOBIERNO*"},"content":{"rendered":"\n<p>Lerdo, 03 de septiembre 2024.- En este segundo a\u00f1o de gobierno, la Presidencia Municipal de Lerdo, Durango, otorg\u00f3 a trav\u00e9s del Instituto para las Personas Adultas Mayores del Municipio, m\u00e1s de 300 operaciones de la vista de facoemulsificaci\u00f3n simple (para eliminar cataratas).<\/p>\n\n\n\n<p>Gracias al convenio de Colaboraci\u00f3n con el Centro Oftalmol\u00f3gico del Hospital Universitario de Torre\u00f3n, se efectuaron brigadas de detecci\u00f3n de cataratas en las distintas colonias y comunidades del territorio lerdense, beneficiando a ciudadanos de las cinco villas, Rinconada, San Carlos, Las Cuevas, Villa de Guadalupe, Seis de Enero, Rayo, Sapioris, Picard\u00edas y, en la zona urbana, en Las Brisas, Emiliano Zapata, 5 de Mayo, C\u00e9sar G. Meraz, San Isidro, San Fernando, Quintas Lerdo, Francisco Villa Sur, Villa de Las Flores, entre otras.<\/p>\n\n\n\n<p>La mayor\u00eda de las personas candidatas a esta cirug\u00eda presentaban diabetes e hipertensi\u00f3n, y contaban con 60 a\u00f1os de edad, no obstante, a pesar de ser el Instituto de las Personas Adultas Mayores, se atendi\u00f3 a un rango de edad extenso, lerdenses entre los 40 y 80 a\u00f1os de edad.<\/p>\n\n\n\n<p>Se realizaron dos campa\u00f1as de operaciones en coordinaci\u00f3n con el Centro Oftalmol\u00f3gico, con especialistas provenientes de China, Jap\u00f3n, Canad\u00e1, Egipto y Alemania, posterior a ello, se efectuaron citas continuas de revisi\u00f3n gratuitas, donde el personal de salud acudi\u00f3 directamente hasta el Instituto Municipal.<\/p>\n\n\n\n<p>Adem\u00e1s de estas acciones, el Presidente Municipal Homero Mart\u00ednez Cabrera, otorg\u00f3 de manera personal el apoyo a 20 personas para la cirug\u00eda de la vista, quienes a trav\u00e9s del programa de Audiencias P\u00fablicas hicieron su solicitud.<\/p>\n\n\n\n<p>La directora del Instituto del Adulto Mayor, Margarita Guerra Fr\u00edas, se\u00f1al\u00f3 que la ciudadan\u00eda se ha mostrado agradecida con el Alcalde, pues es un ahorro significativo de m\u00e1s de 10 mil pesos.<\/p>\n\n\n\n<p>El Se\u00f1or Arturo Dur\u00e1n, de la colonia L\u00e1zaro C\u00e1rdenas, se expres\u00f3 con gratitud \u201cquiero darle mi agradecimiento al Se\u00f1or Presidente Municipal Homero Mart\u00ednez. Quedo muy agradecido con \u00e9l porque dos veces me ayud\u00f3, la primera operaci\u00f3n fue por parte de la Presidencia, autorizado por el Se\u00f1or Presidente, en la segunda operaci\u00f3n de mi otro ojo, fue un descuento muy fenomenal donde yo s\u00ed pude pagar lo que cobraban\u201d.<\/p>\n\n\n\n<p>Reiter\u00f3 \u201cGracias Se\u00f1or Presidente Municipal por este gran favor que nos hizo, tanto a m\u00ed como a toda esta gente\u201d<\/p>\n\n\n\n<p>Entre l\u00e1grimas, la Se\u00f1ora Alicia Hern\u00e1ndez de la comunidad de Picard\u00edas se mostr\u00f3 dichosa \u201chay mucha gratitud en mi coraz\u00f3n, que no s\u00e9 con pagarle. Yo le doy muchas gracias porque recuper\u00e9 mi vista, voy a poder seguir adelante\u201d<\/p>\n\n\n\n<p>\u201cGracias al Se\u00f1or Homero Mart\u00ednez Cabrera por este tan bonito detalle que \u00e9l tuvo para con cada uno de nosotros. Esta fue una grande labor para darnos una calidad de vida mejor, sobre todo con la vista, yo le doy muchas gracias por ese gran apoyo incondicional, no todas las personas se preocupan por la salud de sus semejantes como \u00e9l\u201d agradeci\u00f3.<\/p>\n","protected":false},"excerpt":{"rendered":"<p>Lerdo, 03 de septiembre 2024.- En este segundo a\u00f1o de gobierno, la Presidencia Municipal de Lerdo, Durango, otorg\u00f3 a trav\u00e9s del Instituto para las Personas Adultas Mayores del Municipio, m\u00e1s de 300 operaciones de la vista de facoemulsificaci\u00f3n simple (para eliminar cataratas). Gracias al convenio de Colaboraci\u00f3n con el Centro Oftalmol\u00f3gico del Hospital Universitario de [&hellip;]<\/p>\n","protected":false},"author":1,"featured_media":9204,"comment_status":"open","ping_status":"open","sticky":false,"template":"","format":"standard","meta":{"_monsterinsights_skip_tracking":false,"_monsterinsights_sitenote_active":false,"_monsterinsights_sitenote_note":"","_monsterinsights_sitenote_category":0,"footnotes":""},"categories":[1],"tags":[],"_links":{"self":[{"href":"https:\/\/zonalimitrofe-cbnr.com\/index.php\/wp-json\/wp\/v2\/posts\/9203"}],"collection":[{"href":"https:\/\/zonalimitrofe-cbnr.com\/index.php\/wp-json\/wp\/v2\/posts"}],"about":[{"href":"https:\/\/zonalimitrofe-cbnr.com\/index.php\/wp-json\/wp\/v2\/types\/post"}],"author":[{"embeddable":true,"href":"https:\/\/zonalimitrofe-cbnr.com\/index.php\/wp-json\/wp\/v2\/users\/1"}],"replies":[{"embeddable":true,"href":"https:\/\/zonalimitrofe-cbnr.com\/index.php\/wp-json\/wp\/v2\/comments?post=9203"}],"version-history":[{"count":1,"href":"https:\/\/zonalimitrofe-cbnr.com\/index.php\/wp-json\/wp\/v2\/posts\/9203\/revisions"}],"predecessor-version":[{"id":9205,"href":"https:\/\/zonalimitrofe-cbnr.com\/index.php\/wp-json\/wp\/v2\/posts\/9203\/revisions\/9205"}],"wp:featuredmedia":[{"embeddable":true,"href":"https:\/\/zonalimitrofe-cbnr.com\/index.php\/wp-json\/wp\/v2\/media\/9204"}],"wp:attachment":[{"href":"https:\/\/zonalimitrofe-cbnr.com\/index.php\/wp-json\/wp\/v2\/media?parent=9203"}],"wp:term":[{"taxonomy":"category","embeddable":true,"href":"https:\/\/zonalimitrofe-cbnr.com\/index.php\/wp-json\/wp\/v2\/categories?post=9203"},{"taxonomy":"post_tag","embeddable":true,"href":"https:\/\/zonalimitrofe-cbnr.com\/index.php\/wp-json\/wp\/v2\/tags?post=9203"}],"curies":[{"name":"wp","href":"https:\/\/api.w.org\/{rel}","templated":true}]}}