{"id":9182,"date":"2024-09-02T17:44:02","date_gmt":"2024-09-02T23:44:02","guid":{"rendered":"https:\/\/zonalimitrofe-cbnr.com\/?p=9182"},"modified":"2024-09-02T17:44:03","modified_gmt":"2024-09-02T23:44:03","slug":"durango-garantiza-gobierno-de-esteban-villegas-uniformes-y-utiles-escolares-gratuitos-para-todos","status":"publish","type":"post","link":"https:\/\/zonalimitrofe-cbnr.com\/index.php\/2024\/09\/02\/durango-garantiza-gobierno-de-esteban-villegas-uniformes-y-utiles-escolares-gratuitos-para-todos\/","title":{"rendered":"#Durango. GARANTIZA GOBIERNO DE ESTEBAN VILLEGAS UNIFORMES Y \u00daTILES ESCOLARES GRATUITOS PARA TODOS"},"content":{"rendered":"\n<ul>\n<li>Gabinete del Ejecutivo entrega prendas e insumos a alumnos de la Regi\u00f3n Laguna<\/li>\n<\/ul>\n\n\n\n<p>Comarca Lagunera.- Tras el arranque de la entrega de \u00fatiles escolares y uniformes que hicieran hace unos d\u00edas el gobernador, Esteban Villegas Villarreal y la se\u00f1ora Marisol Rosso Rivera; en la regi\u00f3n Laguna, miembros del Gabinete de Gobierno hicieron lo propio en los once municipios de la zona, a fin de que los peque\u00f1os arrancar\u00e1n el ciclo escolar 2024-2025 con todo lo necesario.<br>As\u00ed lo dio a conocer el subsecretario de Gobierno en la Laguna, Ra\u00fal Meraz Ram\u00edrez, al precisar que, en un esfuerzo conjunto con la Secretar\u00eda de Educaci\u00f3n en el Estado (SEED), el personal del gobierno del Estado en La Laguna se dio a la tarea de recorrer planteles de preescolar, primaria y secundaria de los once municipios para entregar a los peque\u00f1os los \u00fatiles escolares correspondientes, as\u00ed como los uniformes escolares.<br>\u201cLa instrucci\u00f3n que nos dio el gobernador es que todo el personal participara en esta jornada de entrega de \u00fatiles y uniformes escolares para que, a la brevedad, nuestros j\u00f3venes y ni\u00f1os portar\u00e1n ya sus uniformes y comenzar\u00e1n a utilizar el material did\u00e1ctico. El prop\u00f3sito de nuestro gobernador, Esteban Villegas Villareal, es que todos los infantes cuenten con igualdad al vestir igual y utilizar el mismo tipo de material para que su \u00fanica preocupaci\u00f3n sea estudiar y prepararse para la vida\u201d indic\u00f3.<br>Record\u00f3 que, tan solo en la Laguna se distribuy\u00f3 material a m\u00e1s de 125 mil alumnos inscritos en todos los planteles p\u00fablicos del Estado, cumpliendo as\u00ed con la instrucci\u00f3n del gobernador.<br>Entre las \u00e1reas que participaron en esta jornada de entrega se encuentran la Subsecretar\u00eda General de Gobierno, la Subsecretar\u00eda de Educaci\u00f3n en la Laguna, la Vicefiscal\u00eda de Justicia, Subsecretar\u00eda de la Contralor\u00eda del Estado, Secretar\u00eda de Salud, Secretar\u00eda de Finanzas y Administraci\u00f3n, Secretar\u00eda del Trabajo y Previsi\u00f3n Social, Secretar\u00eda de Desarrollo Social, Secretar\u00eda de Agricultura, Ganader\u00eda y Desarrollo Rural, Secretar\u00eda de Comunicaciones y Obras P\u00fablicas, Secretar\u00eda de Medio Ambiente y Recursos Naturales, Secretar\u00eda de Turismo, Despacho del Ejecutivo y la Direcci\u00f3n de Asuntos Jur\u00eddicos, entre otras.<\/p>\n","protected":false},"excerpt":{"rendered":"<p>Comarca Lagunera.- Tras el arranque de la entrega de \u00fatiles escolares y uniformes que hicieran hace unos d\u00edas el gobernador, Esteban Villegas Villarreal y la se\u00f1ora Marisol Rosso Rivera; en la regi\u00f3n Laguna, miembros del Gabinete de Gobierno hicieron lo propio en los once municipios de la zona, a fin de que los peque\u00f1os arrancar\u00e1n [&hellip;]<\/p>\n","protected":false},"author":1,"featured_media":9183,"comment_status":"open","ping_status":"open","sticky":false,"template":"","format":"standard","meta":{"_monsterinsights_skip_tracking":false,"_monsterinsights_sitenote_active":false,"_monsterinsights_sitenote_note":"","_monsterinsights_sitenote_category":0,"footnotes":""},"categories":[1],"tags":[],"_links":{"self":[{"href":"https:\/\/zonalimitrofe-cbnr.com\/index.php\/wp-json\/wp\/v2\/posts\/9182"}],"collection":[{"href":"https:\/\/zonalimitrofe-cbnr.com\/index.php\/wp-json\/wp\/v2\/posts"}],"about":[{"href":"https:\/\/zonalimitrofe-cbnr.com\/index.php\/wp-json\/wp\/v2\/types\/post"}],"author":[{"embeddable":true,"href":"https:\/\/zonalimitrofe-cbnr.com\/index.php\/wp-json\/wp\/v2\/users\/1"}],"replies":[{"embeddable":true,"href":"https:\/\/zonalimitrofe-cbnr.com\/index.php\/wp-json\/wp\/v2\/comments?post=9182"}],"version-history":[{"count":1,"href":"https:\/\/zonalimitrofe-cbnr.com\/index.php\/wp-json\/wp\/v2\/posts\/9182\/revisions"}],"predecessor-version":[{"id":9184,"href":"https:\/\/zonalimitrofe-cbnr.com\/index.php\/wp-json\/wp\/v2\/posts\/9182\/revisions\/9184"}],"wp:featuredmedia":[{"embeddable":true,"href":"https:\/\/zonalimitrofe-cbnr.com\/index.php\/wp-json\/wp\/v2\/media\/9183"}],"wp:attachment":[{"href":"https:\/\/zonalimitrofe-cbnr.com\/index.php\/wp-json\/wp\/v2\/media?parent=9182"}],"wp:term":[{"taxonomy":"category","embeddable":true,"href":"https:\/\/zonalimitrofe-cbnr.com\/index.php\/wp-json\/wp\/v2\/categories?post=9182"},{"taxonomy":"post_tag","embeddable":true,"href":"https:\/\/zonalimitrofe-cbnr.com\/index.php\/wp-json\/wp\/v2\/tags?post=9182"}],"curies":[{"name":"wp","href":"https:\/\/api.w.org\/{rel}","templated":true}]}}