{"id":9170,"date":"2024-09-02T17:31:22","date_gmt":"2024-09-02T23:31:22","guid":{"rendered":"https:\/\/zonalimitrofe-cbnr.com\/?p=9170"},"modified":"2024-09-02T17:31:22","modified_gmt":"2024-09-02T23:31:22","slug":"durango-velaria-del-teatro-del-calvario-regalazo-del-gobernador-para-familias-duranguenses","status":"publish","type":"post","link":"https:\/\/zonalimitrofe-cbnr.com\/index.php\/2024\/09\/02\/durango-velaria-del-teatro-del-calvario-regalazo-del-gobernador-para-familias-duranguenses\/","title":{"rendered":"#Durango. Velaria del Teatro del Calvario, regalazo del Gobernador para familias duranguenses*"},"content":{"rendered":"\n<ul>\n<li><em>Ahora pueden disfrutar de un magn\u00edfico escenario, con una vista de la ciudad y de grandes artistas.<\/em><\/li>\n\n\n\n<li><em>Celebran el regreso de las tradicionales Callejoneadas; personas mayores relatan lo bien que la pasaban en estas verbenas que iniciaron con la conducci\u00f3n de Esteban Villegas en las tardes culturales.<\/em><\/li>\n<\/ul>\n\n\n\n<p>Con una hermosa vista de la ciudad y un escenario de calidad, las familias reconocieron el impulso del gobernador Esteban Villegas para rescatar espacios de los duranguenses, con la nueva Velaria en el Teatro del Calvario, donde la cultura y las tradiciones de nueva cuenta envuelven a los presentes en un ambiente sano y de mucha diversi\u00f3n, afirmaron los asistentes al recorrido hacia este recinto, el pasado domingo.<\/p>\n\n\n\n<p>\u201cBaile, cant\u00e9 y todo lo que se pudo\u201d, expres\u00f3 Francisca Trevi\u00f1o, quien platic\u00f3 como antes ella, iba a este recorrido del barrio del Calvario con su esposo y ahora regresa con su hija, donde disfrutaron del recorrido, como de la presentaci\u00f3n de la agrupaci\u00f3n de los Sembradores; \u201cson bonitas costumbres, muchas gracias al Gobernador por hacer estos eventos magn\u00edficos y hermosos\u201d.<\/p>\n\n\n\n<p>V\u00edctor Hugo R\u00edos, amistad cercana al grupo de los Sembradores, estaba muy contento, ya que pudo interactuar con el grupo musical tocando por un momento junto con ellos, \u201csoy su fan, estuve tocando con ellos en la bater\u00eda, muy bonita la presentaci\u00f3n, estuvo padr\u00edsimo la verdad, al Gobernador much\u00edsimas gracias por este regalo\u201d.<\/p>\n\n\n\n<p>Manuela Anaya Mart\u00ednez, acompa\u00f1ada de su esposo y su hija, manifest\u00f3 que ya estaban esperando este evento desde hace d\u00edas, \u201ccuando yo caminaba bien bail\u00e1bamos ah\u00ed abajo, nosotros antes nos ven\u00edamos desde temprano y aqu\u00ed la pas\u00e1bamos\u201d, record\u00f3, a lo que agreg\u00f3 su esposo Eduardo Rodr\u00edguez, que hace a\u00f1os les toc\u00f3 convivir con Esteban, Lauro y la maestra Lilia Santaella.<\/p>\n\n\n\n<p>Su hija Maria Concepci\u00f3n Rodr\u00edguez, tambi\u00e9n platic\u00f3 como la pasaban muy bien, \u201ctengo una hija qu\u00e9 cuando estaba en k\u00ednder estaba aqu\u00ed de maestro de ceremonias el gobernador Esteban y la subieron a mi hija a cantar las ma\u00f1anitas; muchas felicidades por que tiene iniciativa y en todo piensa, en las personas aqu\u00ed en este lugar caracter\u00edstico de Durango, felicidades para \u00e9l y su esposa Marisol\u201d.<\/p>\n\n\n\n<p>Otras de las familias de los asistentes a las callejoneadas, Luz Arely Rom\u00e1n Contreras con sus pap\u00e1s Araceli y Rom\u00e1n, expuso que es su primera vez que pudo ver a los Sembradores y que mejor con la nueva velar\u00eda para protegerse del sol y la lluvia.<\/p>\n\n\n\n<p>Su mam\u00e1, dijo que estos eventos familiares ya hac\u00edan falta, que bueno que fomentan la convivencia y que siga habiendo este tipo de eventos\u201d, asinti\u00f3, a lo que su pap\u00e1 coincidi\u00f3 en las bonitas y modernas instalaciones.<\/p>\n\n\n\n<p>As\u00ed es como ahora todos podr\u00e1n disfrutar de un teatro del Calvario con Velaria, adem\u00e1s del regreso de las tradicionales callejoneadas impulsadas por el Gobierno del Estado para los duranguenses y visitantes.<\/p>\n","protected":false},"excerpt":{"rendered":"<p>Con una hermosa vista de la ciudad y un escenario de calidad, las familias reconocieron el impulso del gobernador Esteban Villegas para rescatar espacios de los duranguenses, con la nueva Velaria en el Teatro del Calvario, donde la cultura y las tradiciones de nueva cuenta envuelven a los presentes en un ambiente sano y de [&hellip;]<\/p>\n","protected":false},"author":1,"featured_media":9171,"comment_status":"open","ping_status":"open","sticky":false,"template":"","format":"standard","meta":{"_monsterinsights_skip_tracking":false,"_monsterinsights_sitenote_active":false,"_monsterinsights_sitenote_note":"","_monsterinsights_sitenote_category":0,"footnotes":""},"categories":[1],"tags":[],"_links":{"self":[{"href":"https:\/\/zonalimitrofe-cbnr.com\/index.php\/wp-json\/wp\/v2\/posts\/9170"}],"collection":[{"href":"https:\/\/zonalimitrofe-cbnr.com\/index.php\/wp-json\/wp\/v2\/posts"}],"about":[{"href":"https:\/\/zonalimitrofe-cbnr.com\/index.php\/wp-json\/wp\/v2\/types\/post"}],"author":[{"embeddable":true,"href":"https:\/\/zonalimitrofe-cbnr.com\/index.php\/wp-json\/wp\/v2\/users\/1"}],"replies":[{"embeddable":true,"href":"https:\/\/zonalimitrofe-cbnr.com\/index.php\/wp-json\/wp\/v2\/comments?post=9170"}],"version-history":[{"count":1,"href":"https:\/\/zonalimitrofe-cbnr.com\/index.php\/wp-json\/wp\/v2\/posts\/9170\/revisions"}],"predecessor-version":[{"id":9172,"href":"https:\/\/zonalimitrofe-cbnr.com\/index.php\/wp-json\/wp\/v2\/posts\/9170\/revisions\/9172"}],"wp:featuredmedia":[{"embeddable":true,"href":"https:\/\/zonalimitrofe-cbnr.com\/index.php\/wp-json\/wp\/v2\/media\/9171"}],"wp:attachment":[{"href":"https:\/\/zonalimitrofe-cbnr.com\/index.php\/wp-json\/wp\/v2\/media?parent=9170"}],"wp:term":[{"taxonomy":"category","embeddable":true,"href":"https:\/\/zonalimitrofe-cbnr.com\/index.php\/wp-json\/wp\/v2\/categories?post=9170"},{"taxonomy":"post_tag","embeddable":true,"href":"https:\/\/zonalimitrofe-cbnr.com\/index.php\/wp-json\/wp\/v2\/tags?post=9170"}],"curies":[{"name":"wp","href":"https:\/\/api.w.org\/{rel}","templated":true}]}}