{"id":9155,"date":"2024-09-02T17:17:33","date_gmt":"2024-09-02T23:17:33","guid":{"rendered":"https:\/\/zonalimitrofe-cbnr.com\/?p=9155"},"modified":"2024-09-02T17:17:33","modified_gmt":"2024-09-02T23:17:33","slug":"torreon-presentan-agenda-de-actividades-para-los-festejos-del-mes-patrio-en-torreon-y-del-117-aniversario-de-la-ciudad","status":"publish","type":"post","link":"https:\/\/zonalimitrofe-cbnr.com\/index.php\/2024\/09\/02\/torreon-presentan-agenda-de-actividades-para-los-festejos-del-mes-patrio-en-torreon-y-del-117-aniversario-de-la-ciudad\/","title":{"rendered":"#Torre\u00f3n. Presentan agenda de actividades para los festejos del mes patrio en Torre\u00f3n y del 117 aniversario de la ciudad"},"content":{"rendered":"\n<p><strong>Torre\u00f3n, Coahuila. A 2 de septiembre de 2024.<\/strong> En el marco de los aniversarios 117 de Torre\u00f3n como ciudad, y el 214 del inicio de la Independencia de M\u00e9xico, el alcalde Rom\u00e1n Alberto Cepeda Gonz\u00e1lez, dio a conocer este lunes la agenda de actividades a desarrollarse durante septiembre. En rueda de prensa, el Presidente Municipal dijo que para la celebraci\u00f3n del Grito de Independencia, la noche del 15 de septiembre, se espera una asistencia de 80 mil personas en la explanada de la Plaza Mayor, en donde se replicar\u00e1n los operativos de seguridad y vialidad de 2022 y 2023, con la participaci\u00f3n de alrededor de mil elementos de las diferentes corporaciones de los tres \u00f3rdenes de Gobierno. \u201cEste a\u00f1o 2024 se festeja el 117 aniversario de nuestro querido Torre\u00f3n; el d\u00eda 15 de septiembre conmemoramos los 214 a\u00f1os del Grito de Independencia, y estamos iniciando las festividades justo hoy con el izamiento de bandera y la iluminaci\u00f3n del edificio de la Plaza Mayor con los colores verde, blanco y rojo\u201d, explic\u00f3 el Alcalde. Agreg\u00f3 que para la celebraci\u00f3n del 15 de septiembre, se contar\u00e1 con la presencia art\u00edstica de Julio Preciado y Los dos Carnales, en la explanada de Plaza Mayor Adem\u00e1s de espect\u00e1culos culturales, verbena popular y la presentaci\u00f3n del Ballet Folkl\u00f3rico Nahucalli, el Mariachi juvenil \u201cMi tierra\u201d, y las hermanas Ponce. El edil destac\u00f3 tambi\u00e9n el 13 de septiembre, fecha de la conmemoraci\u00f3n del aniversario de la Gesta Heroica de Chapultepec, pues este d\u00eda se celebrar\u00e1 la Sesi\u00f3n Solemne del 117 aniversario de Torre\u00f3n, y se har\u00e1 la entrega de preseas de la Ciudadan\u00eda Distinguida. En cuanto a otros eventos programados, el Presidente Municipal detall\u00f3: Para el 14 de septiembre, presentaci\u00f3n del Batall\u00f3n Patrio en el Cristo de las Noas; el 16 el desfile c\u00edvico militar conmemorativo al 214 aniversario del inicio de la Independencia de M\u00e9xico. Otras de las actividades durante el mes patrio, es la del 18 de septiembre, Gala de Rolando Villaz\u00f3n en el Teatro Isauro Mart\u00ednez, que es un concierto hist\u00f3rico para Torre\u00f3n, al ser un mexicano reconocido a nivel mundial.<br>\u00a0<br>Tambi\u00e9n, habr\u00e1 exposiciones de las danzas folkl\u00f3ricas en La Jabonera, el 19 de septiembre.<br>\u00a0<br>El concierto de la Banda Municipal de M\u00fasica en el Paseo Col\u00f3n, el 22 de septiembre; el festival musical Viva Torre\u00f3n, en el Centro Cultural Pablo Jos\u00e9 Moreno, el 25 de septiembre.<br>\u00a0<br>La obra \u201cLeyendas de La Laguna\u201d, en la Casa del Cerro el pr\u00f3ximo 27 de septiembre; la inauguraci\u00f3n del Cow Parade, en el Paseo Col\u00f3n, el 29 de septiembre.<br>\u00a0<br>Para el d\u00eda 30, el concierto orquesta sinf\u00f3nica juvenil en el Teatro Nazas.<br>\u00a0<br>Adem\u00e1s de otros eventos deportivos, como el primer torneo municipal de artes marciales, en La Jabonera, el 7 de septiembre.<br>\u00a0<br>El d\u00eda 12, la lucha libre del 117 aniversario en el Cristo de las Noas, y el 21 el bailat\u00f3n en la misma sede.<br>\u00a0<br>As\u00ed como el evento atl\u00e9tico del 117 aniversario de Torre\u00f3n en la Unidad Deportiva.<br>\u00a0<br>Rom\u00e1n Alberto Cepeda Gonz\u00e1lez invit\u00f3 a la poblaci\u00f3n de Torre\u00f3n a disfrutar de los eventos que el Municipio tiene preparados durante el mes patrio.<\/p>\n","protected":false},"excerpt":{"rendered":"<p>Torre\u00f3n, Coahuila. A 2 de septiembre de 2024. En el marco de los aniversarios 117 de Torre\u00f3n como ciudad, y el 214 del inicio de la Independencia de M\u00e9xico, el alcalde Rom\u00e1n Alberto Cepeda Gonz\u00e1lez, dio a conocer este lunes la agenda de actividades a desarrollarse durante septiembre. En rueda de prensa, el Presidente Municipal [&hellip;]<\/p>\n","protected":false},"author":1,"featured_media":9156,"comment_status":"open","ping_status":"open","sticky":false,"template":"","format":"standard","meta":{"_monsterinsights_skip_tracking":false,"_monsterinsights_sitenote_active":false,"_monsterinsights_sitenote_note":"","_monsterinsights_sitenote_category":0,"footnotes":""},"categories":[1],"tags":[],"_links":{"self":[{"href":"https:\/\/zonalimitrofe-cbnr.com\/index.php\/wp-json\/wp\/v2\/posts\/9155"}],"collection":[{"href":"https:\/\/zonalimitrofe-cbnr.com\/index.php\/wp-json\/wp\/v2\/posts"}],"about":[{"href":"https:\/\/zonalimitrofe-cbnr.com\/index.php\/wp-json\/wp\/v2\/types\/post"}],"author":[{"embeddable":true,"href":"https:\/\/zonalimitrofe-cbnr.com\/index.php\/wp-json\/wp\/v2\/users\/1"}],"replies":[{"embeddable":true,"href":"https:\/\/zonalimitrofe-cbnr.com\/index.php\/wp-json\/wp\/v2\/comments?post=9155"}],"version-history":[{"count":1,"href":"https:\/\/zonalimitrofe-cbnr.com\/index.php\/wp-json\/wp\/v2\/posts\/9155\/revisions"}],"predecessor-version":[{"id":9157,"href":"https:\/\/zonalimitrofe-cbnr.com\/index.php\/wp-json\/wp\/v2\/posts\/9155\/revisions\/9157"}],"wp:featuredmedia":[{"embeddable":true,"href":"https:\/\/zonalimitrofe-cbnr.com\/index.php\/wp-json\/wp\/v2\/media\/9156"}],"wp:attachment":[{"href":"https:\/\/zonalimitrofe-cbnr.com\/index.php\/wp-json\/wp\/v2\/media?parent=9155"}],"wp:term":[{"taxonomy":"category","embeddable":true,"href":"https:\/\/zonalimitrofe-cbnr.com\/index.php\/wp-json\/wp\/v2\/categories?post=9155"},{"taxonomy":"post_tag","embeddable":true,"href":"https:\/\/zonalimitrofe-cbnr.com\/index.php\/wp-json\/wp\/v2\/tags?post=9155"}],"curies":[{"name":"wp","href":"https:\/\/api.w.org\/{rel}","templated":true}]}}